{"id":8735,"date":"2014-07-24T12:08:48","date_gmt":"2014-07-24T17:08:48","guid":{"rendered":"https:\/\/radiowebmx.com\/nota\/?p=8735"},"modified":"2014-07-24T12:08:48","modified_gmt":"2014-07-24T17:08:48","slug":"desarticula-pgje-banda-dedicada-al-robo-de-motocicletas-en-lazaro-cardenas","status":"publish","type":"post","link":"https:\/\/radiowebmx.com\/nota\/desarticula-pgje-banda-dedicada-al-robo-de-motocicletas-en-lazaro-cardenas\/","title":{"rendered":"Desarticula PGJE banda dedicada al robo de motocicletas en L\u00e1zaro C\u00e1rdenas"},"content":{"rendered":"<p>Derivado de los operativos \u00a0realizados por personal de la Procuradur\u00eda General del Estado, para abatir el robo de veh\u00edculos y motocicletas en la entidad, personal de esta dependencia logr\u00f3 la detenci\u00f3n de tres integrantes de un grupo delictivo dedicado a esta actividad.<\/p>\n<p>Se trata de Jorge Armando J., de 18 a\u00f1os de edad, Mauro V., de 25 a\u00f1os y Jos\u00e9 Antonio O., de 21 a\u00f1os de edad, quienes ten\u00edan sus domicilios en diversos puntos de la tenencia de Guacamayas perteneciente a esta demarcaci\u00f3n porte\u00f1a.<\/p>\n<p>De acuerdo a la constancia de la indagatoria, personal de la Polic\u00eda Ministerial Investigadora se encontraba realizado un recorrido de inspecci\u00f3n sobre la calle Golfo de M\u00e9xico de la colonia El Veladero perteneciente a la tenencia de Guacamayas.<\/p>\n<p>Al momento de transitar por la citada r\u00faa, se percataron que en un inmueble se encontraban los ahora detenidos reparando una motocicleta, quienes al percatarse de la presencia de los agentes ministeriales intentaron darse a la fuga, sin embargo, los uniformados le dieron alcance de inmediato.<\/p>\n<p>Al realizar una inspecci\u00f3n, los policiales ministeriales decomisaron: dos motocicletas, marca ITALIKA, sin placas de circulaci\u00f3n, una motocicleta marca SUZUKI, color negro, con placas de circulaci\u00f3n del Distrito Federal, as\u00ed como otra unidad marca HONDA, color blanco, sin placas de circulaci\u00f3n, todas ellas, con reporte de robo.<\/p>\n<p>Por lo anterior, los detenidos y las unidades fueron puestos a disposici\u00f3n del Agente del Ministerio P\u00fablico, quien dio inicio a la Averiguaci\u00f3n Previa por el delito de Robo.<\/p>\n","protected":false},"excerpt":{"rendered":"<p>Derivado de los operativos  realizados por personal de la Procuradur\u00eda General del Estado, para abatir el robo de veh\u00edculos y motocicletas en la entidad, personal de esta dependencia logr\u00f3 la detenci\u00f3n de tres integrantes de un grupo delictivo dedicado a esta actividad.<\/p>\n","protected":false},"author":1,"featured_media":0,"comment_status":"open","ping_status":"open","sticky":false,"template":"","format":"standard","meta":{"footnotes":""},"categories":[3],"tags":[],"class_list":["post-8735","post","type-post","status-publish","format-standard","hentry","category-gobierno-del-estado-de-michoacan"],"_links":{"self":[{"href":"https:\/\/radiowebmx.com\/nota\/wp-json\/wp\/v2\/posts\/8735","targetHints":{"allow":["GET"]}}],"collection":[{"href":"https:\/\/radiowebmx.com\/nota\/wp-json\/wp\/v2\/posts"}],"about":[{"href":"https:\/\/radiowebmx.com\/nota\/wp-json\/wp\/v2\/types\/post"}],"author":[{"embeddable":true,"href":"https:\/\/radiowebmx.com\/nota\/wp-json\/wp\/v2\/users\/1"}],"replies":[{"embeddable":true,"href":"https:\/\/radiowebmx.com\/nota\/wp-json\/wp\/v2\/comments?post=8735"}],"version-history":[{"count":1,"href":"https:\/\/radiowebmx.com\/nota\/wp-json\/wp\/v2\/posts\/8735\/revisions"}],"predecessor-version":[{"id":8736,"href":"https:\/\/radiowebmx.com\/nota\/wp-json\/wp\/v2\/posts\/8735\/revisions\/8736"}],"wp:attachment":[{"href":"https:\/\/radiowebmx.com\/nota\/wp-json\/wp\/v2\/media?parent=8735"}],"wp:term":[{"taxonomy":"category","embeddable":true,"href":"https:\/\/radiowebmx.com\/nota\/wp-json\/wp\/v2\/categories?post=8735"},{"taxonomy":"post_tag","embeddable":true,"href":"https:\/\/radiowebmx.com\/nota\/wp-json\/wp\/v2\/tags?post=8735"}],"curies":[{"name":"wp","href":"https:\/\/api.w.org\/{rel}","templated":true}]}}