{"id":8721,"date":"2014-07-24T11:41:09","date_gmt":"2014-07-24T16:41:09","guid":{"rendered":"https:\/\/radiowebmx.com\/nota\/?p=8721"},"modified":"2014-07-24T11:41:56","modified_gmt":"2014-07-24T16:41:56","slug":"compromete-salvador-jara-guerrero-trabajar-en-equipo-con-los-gobiernos-municipales","status":"publish","type":"post","link":"https:\/\/radiowebmx.com\/nota\/compromete-salvador-jara-guerrero-trabajar-en-equipo-con-los-gobiernos-municipales\/","title":{"rendered":"COMPROMETE SALVADOR JARA GUERRERO TRABAJAR EN EQUIPO CON LOS GOBIERNOS MUNICIPALES"},"content":{"rendered":"<p><a href=\"https:\/\/radiowebmx.com\/nota\/wp-content\/uploads\/2014\/07\/DSC_8456.jpg\"><img loading=\"lazy\" decoding=\"async\" class=\"alignleft size-full wp-image-8722\" alt=\"DSC_8456\" src=\"https:\/\/radiowebmx.com\/nota\/wp-content\/uploads\/2014\/07\/DSC_8456.jpg\" width=\"591\" height=\"299\" srcset=\"https:\/\/radiowebmx.com\/nota\/wp-content\/uploads\/2014\/07\/DSC_8456.jpg 591w, https:\/\/radiowebmx.com\/nota\/wp-content\/uploads\/2014\/07\/DSC_8456-300x151.jpg 300w\" sizes=\"auto, (max-width: 591px) 100vw, 591px\" \/><\/a>El gobernador del estado de Michoac\u00e1n, Salvador Jara Guerrero, sostuvo la primera reuni\u00f3n formal con los coordinadores de los presidentes municipales de los diversos partidos pol\u00edticos, ante quienes se comprometi\u00f3 a trabajar en equipo para darle resultados a la poblaci\u00f3n.<\/p>\n<p>Luego de acordar estructurar una agenda de trabajo com\u00fan para los pr\u00f3ximos meses con los representantes de los alcaldes de los partidos Revolucionario Institucional (PRI), de la Revoluci\u00f3n Democr\u00e1tica (PRD) y Acci\u00f3n Nacional (PAN), el mandatario estatal reiter\u00f3 su disposici\u00f3n a consensuar con ellos los temas primordiales.<\/p>\n<p>Los alcaldes Aldo Mac\u00edas Alejandres, de Uruapan; Carlos Alberto Paredes Correa, de Tuxpan y Hugo Anaya \u00c1vila, de La Piedad, plantearon sus inquietudes al gobernador en torno a los rubros de trabajo conjunto, obra convenida, recursos federales y estrategias de comunicaci\u00f3n con los Ayuntamientos.<\/p>\n<p>Durante el encuentro privado y luego de escuchar las propuestas de las tres representaciones de alcaldes por fracci\u00f3n partidista, Salvador Jara ofreci\u00f3 brindar su respaldo institucional durante el tiempo de su gesti\u00f3n.<\/p>\n<p>En la reuni\u00f3n celebrada en Casa de Gobierno tambi\u00e9n estuvieron presentes, el secretario de Gobierno de Michoac\u00e1n, Jaime Dar\u00edo Oseguera M\u00e9ndez, y el vocal Ejecutivo del Centro Estatal para el Desarrollo Municipal, Jaime Mares Camarena.<\/p>\n","protected":false},"excerpt":{"rendered":"<p>El gobernador del estado de Michoac\u00e1n, Salvador Jara Guerrero, sostuvo la primera reuni\u00f3n formal con los coordinadores de los presidentes municipales de los diversos partidos pol\u00edticos, ante quienes se comprometi\u00f3 a trabajar en equipo para darle resultados a la poblaci\u00f3n.<\/p>\n","protected":false},"author":1,"featured_media":8722,"comment_status":"open","ping_status":"open","sticky":false,"template":"","format":"standard","meta":{"footnotes":""},"categories":[14,3],"tags":[],"class_list":["post-8721","post","type-post","status-publish","format-standard","has-post-thumbnail","hentry","category-destacadas","category-gobierno-del-estado-de-michoacan"],"_links":{"self":[{"href":"https:\/\/radiowebmx.com\/nota\/wp-json\/wp\/v2\/posts\/8721","targetHints":{"allow":["GET"]}}],"collection":[{"href":"https:\/\/radiowebmx.com\/nota\/wp-json\/wp\/v2\/posts"}],"about":[{"href":"https:\/\/radiowebmx.com\/nota\/wp-json\/wp\/v2\/types\/post"}],"author":[{"embeddable":true,"href":"https:\/\/radiowebmx.com\/nota\/wp-json\/wp\/v2\/users\/1"}],"replies":[{"embeddable":true,"href":"https:\/\/radiowebmx.com\/nota\/wp-json\/wp\/v2\/comments?post=8721"}],"version-history":[{"count":3,"href":"https:\/\/radiowebmx.com\/nota\/wp-json\/wp\/v2\/posts\/8721\/revisions"}],"predecessor-version":[{"id":8726,"href":"https:\/\/radiowebmx.com\/nota\/wp-json\/wp\/v2\/posts\/8721\/revisions\/8726"}],"wp:featuredmedia":[{"embeddable":true,"href":"https:\/\/radiowebmx.com\/nota\/wp-json\/wp\/v2\/media\/8722"}],"wp:attachment":[{"href":"https:\/\/radiowebmx.com\/nota\/wp-json\/wp\/v2\/media?parent=8721"}],"wp:term":[{"taxonomy":"category","embeddable":true,"href":"https:\/\/radiowebmx.com\/nota\/wp-json\/wp\/v2\/categories?post=8721"},{"taxonomy":"post_tag","embeddable":true,"href":"https:\/\/radiowebmx.com\/nota\/wp-json\/wp\/v2\/tags?post=8721"}],"curies":[{"name":"wp","href":"https:\/\/api.w.org\/{rel}","templated":true}]}}