{"id":8663,"date":"2014-07-21T11:29:59","date_gmt":"2014-07-21T16:29:59","guid":{"rendered":"https:\/\/radiowebmx.com\/nota\/?p=8663"},"modified":"2014-07-21T11:29:59","modified_gmt":"2014-07-21T16:29:59","slug":"si-tenemos-desarrollo-en-lazaro-cardenas-lo-habra-en-todo-el-estado-salvador-jara","status":"publish","type":"post","link":"https:\/\/radiowebmx.com\/nota\/si-tenemos-desarrollo-en-lazaro-cardenas-lo-habra-en-todo-el-estado-salvador-jara\/","title":{"rendered":"SI TENEMOS DESARROLLO EN L\u00c1ZARO C\u00c1RDENAS, LO HABR\u00c1 EN TODO EL ESTADO: SALVADOR JARA"},"content":{"rendered":"<p>Bajo el principio de que el estado es un organismo que aglutina a todos los municipios y lo que afecte a uno de ellos repercute en toda la entidad, el gobernador Salvador Jara Guerrero hizo p\u00fablico el inter\u00e9s de su gobierno de potenciar el desarrollo econ\u00f3mico del puerto de L\u00e1zaro C\u00e1rdenas, para que as\u00ed, tambi\u00e9n se tengan mejores condiciones en todo Michoac\u00e1n.<\/p>\n<p>As\u00ed lo manifest\u00f3 durante la reuni\u00f3n de trabajo que sostuvo con hombres de negocios y representantes de c\u00e1maras empresariales en este municipio porte\u00f1o, donde en presencia del subsecretario de Prevenci\u00f3n del Delito y Participaci\u00f3n Ciudadana de la Secretar\u00eda de Gobernaci\u00f3n federal, Roberto Campa Cifri\u00e1n, el mandatario estatal conmin\u00f3 a establecer mesas tem\u00e1ticas con los diferentes sectores productivos y las dependencias federales y estatales, a fin de resolver las necesidades de cada rubro.<\/p>\n<p>Jara Guerrero se\u00f1al\u00f3 que coincide con la pol\u00edtica del presidente Enrique Pe\u00f1a Nieto en el sentido de tener como colaboradores gente capaz de tomar decisiones para concretar acuerdos y acciones, adem\u00e1s de atender los planteamientos de los michoacanos.<\/p>\n<p>Se\u00f1al\u00f3 que el modelo de fortalecimiento de las instituciones que promueve el gobierno federal, rescata lo mejor del aparato gubernamental, por lo que tambi\u00e9n es de su inter\u00e9s el mejorar y optimizar la administraci\u00f3n p\u00fablica estatal, haciendo equipo con la ciudadan\u00eda y los sectores productivos, empresariales y de servicios.<\/p>\n<p>Al escuchar las propuestas, proyectos e inquietudes de los hombres de negocios en torno a la mejora de la infraestructura carretera y urbana, facilidades para la creaci\u00f3n de fuentes de empleo, por mencionar algunas, el jefe del Ejecutivo estatal felicit\u00f3 la disposici\u00f3n y compromiso del empresariado porte\u00f1o, para juntos, llevar mayores beneficios a la comunidad.<\/p>\n<p>&#8220;Estamos viviendo una gran oportunidad, porque la fortaleza del empresariado nos ayudar\u00e1 a salir adelante y hay conciencia del gobierno estatal y federal para detonar estos procesos&#8221;, afirm\u00f3.<\/p>\n<p>Por su parte, Roberto Campa asever\u00f3 que las crisis son oportunidades de mejorar y se requiere que la iniciativa privada aporte su experiencia para realizar y evaluar proyectos que sean viables para detonar el desarrollo.<\/p>\n<p>Reiter\u00f3 que los empresarios juegan un papel fundamental en la vigilancia de que las cosas sucedan de la mano con la autoridad, por lo que su \u00a0participaci\u00f3n es indispensable y dijo que el gran reto a nivel nacional es ser capaces de garantizar a los j\u00f3venes que viviendo en la legalidad, pueden construir un proyecto de vida.<\/p>\n<p>En el caso de L\u00e1zaro C\u00e1rdenas, el funcionario federal inform\u00f3 que en conjunto con las autoridades estatales y municipales se levant\u00f3 un estudio para focalizar el pol\u00edgono de este municipio que requiere de mayor atenci\u00f3n, se trata del denominado &#8220;Guacamayas&#8221;, que abarca adem\u00e1s de la tenencia del mismo nombre, 30 las colonias, entre ellas Insurgentes, Emiliano Zapata, Ejidales, Francisco Javier Mina, El Maderero, Lucrecia Sol\u00eds, El Mirador, El Cerrito, Leandro Valle, por mencionar algunas, mismas que han sido identificadas debido a que presentan los mayores \u00edndices de deserci\u00f3n escolar, alcoholismo y presencia de pandillas.<\/p>\n<p>&#8220;Si no somos capaces de generar oportunidades para estos segmentos de la poblaci\u00f3n, sobre todo para los j\u00f3venes, estaremos haciendo las cosas de manera insuficiente y se trata de que trabajemos juntos para mejorar estas condiciones&#8221;, se\u00f1al\u00f3.<\/p>\n<p>Por esta raz\u00f3n, Campa Cifri\u00e1n llam\u00f3 tambi\u00e9n a los empresarios a aportar su conocimiento, experiencia, capacidad para construir de manera conjunta mecanismos para realizar proyectos productivos con posibilidades de \u00e9xito en estas colonias.<\/p>\n<p>De esta reuni\u00f3n de trabajo tambi\u00e9n fueron part\u00edcipes el s\u00edndico Manuel de Jes\u00fas Barreras Ibarra, encargado del despacho de la Presidencia Municipal; delegados federales, funcionarios del Gabinete estatal, as\u00ed como integrantes de la Secretar\u00eda de Gobernaci\u00f3n.<b><\/b><\/p>\n","protected":false},"excerpt":{"rendered":"<p>Bajo el principio de que el estado es un organismo que aglutina a todos los municipios y lo que afecte a uno de ellos repercute en toda la entidad, el gobernador Salvador Jara Guerrero hizo p\u00fablico el inter\u00e9s de su gobierno de potenciar el desarrollo econ\u00f3mico del puerto de L\u00e1zaro C\u00e1rdenas,<\/p>\n","protected":false},"author":1,"featured_media":0,"comment_status":"open","ping_status":"open","sticky":false,"template":"","format":"standard","meta":{"footnotes":""},"categories":[3],"tags":[],"class_list":["post-8663","post","type-post","status-publish","format-standard","hentry","category-gobierno-del-estado-de-michoacan"],"_links":{"self":[{"href":"https:\/\/radiowebmx.com\/nota\/wp-json\/wp\/v2\/posts\/8663","targetHints":{"allow":["GET"]}}],"collection":[{"href":"https:\/\/radiowebmx.com\/nota\/wp-json\/wp\/v2\/posts"}],"about":[{"href":"https:\/\/radiowebmx.com\/nota\/wp-json\/wp\/v2\/types\/post"}],"author":[{"embeddable":true,"href":"https:\/\/radiowebmx.com\/nota\/wp-json\/wp\/v2\/users\/1"}],"replies":[{"embeddable":true,"href":"https:\/\/radiowebmx.com\/nota\/wp-json\/wp\/v2\/comments?post=8663"}],"version-history":[{"count":2,"href":"https:\/\/radiowebmx.com\/nota\/wp-json\/wp\/v2\/posts\/8663\/revisions"}],"predecessor-version":[{"id":8665,"href":"https:\/\/radiowebmx.com\/nota\/wp-json\/wp\/v2\/posts\/8663\/revisions\/8665"}],"wp:attachment":[{"href":"https:\/\/radiowebmx.com\/nota\/wp-json\/wp\/v2\/media?parent=8663"}],"wp:term":[{"taxonomy":"category","embeddable":true,"href":"https:\/\/radiowebmx.com\/nota\/wp-json\/wp\/v2\/categories?post=8663"},{"taxonomy":"post_tag","embeddable":true,"href":"https:\/\/radiowebmx.com\/nota\/wp-json\/wp\/v2\/tags?post=8663"}],"curies":[{"name":"wp","href":"https:\/\/api.w.org\/{rel}","templated":true}]}}