{"id":8660,"date":"2014-07-21T11:26:24","date_gmt":"2014-07-21T16:26:24","guid":{"rendered":"https:\/\/radiowebmx.com\/nota\/?p=8660"},"modified":"2014-07-21T11:26:24","modified_gmt":"2014-07-21T16:26:24","slug":"la-legalidad-no-solo-es-un-asunto-de-trabajo-es-un-asunto-de-valores-sjg","status":"publish","type":"post","link":"https:\/\/radiowebmx.com\/nota\/la-legalidad-no-solo-es-un-asunto-de-trabajo-es-un-asunto-de-valores-sjg\/","title":{"rendered":"LA LEGALIDAD NO S\u00d3LO ES UN ASUNTO DE TRABAJO, ES UN ASUNTO DE VALORES: SJG"},"content":{"rendered":"<p><a href=\"https:\/\/radiowebmx.com\/nota\/wp-content\/uploads\/2014\/07\/DSC_8480.jpg\"><img loading=\"lazy\" decoding=\"async\" class=\"alignleft size-full wp-image-8661\" alt=\"DSC_8480\" src=\"https:\/\/radiowebmx.com\/nota\/wp-content\/uploads\/2014\/07\/DSC_8480.jpg\" width=\"591\" height=\"293\" srcset=\"https:\/\/radiowebmx.com\/nota\/wp-content\/uploads\/2014\/07\/DSC_8480.jpg 591w, https:\/\/radiowebmx.com\/nota\/wp-content\/uploads\/2014\/07\/DSC_8480-300x148.jpg 300w\" sizes=\"auto, (max-width: 591px) 100vw, 591px\" \/><\/a>La legalidad no s\u00f3lo es un asunto de trabajo, es un asunto de valores que tenemos que construir todos los d\u00edas, con nuestros familiares para reconstruir el tejido social, para vivir en paz y en condiciones de bienestar; manifest\u00f3 el gobernador del estado Salvador Jara Guerrero al encabezar, con el subsecretario de Prevenci\u00f3n del Delito y Participaci\u00f3n Ciudadana, de la Secretar\u00eda de Gobernaci\u00f3n Federal, Roberto Campa Cifri\u00e1n, la inauguraci\u00f3n de la tercera Feria de Atenci\u00f3n Integral en este municipio porte\u00f1o.<\/p>\n<p>En la explanada de Palacio Municipal, donde en un inicio asistieron alrededor de 5 mil personas, Jara Guerrero apunt\u00f3 que estar fuera de la ley es el primer elemento que genera desconfianza entre la poblaci\u00f3n, por lo que es menester construir la legalidad desde el seno de los hogares michoacanos.<\/p>\n<p>De igual manera resalt\u00f3 que las acciones que vienen emprendiendo los tres niveles de gobierno dan muestra de que se conforma un equipo de trabajo s\u00f3lido por Michoac\u00e1n; \u00a0y apunt\u00f3 \u201ca los michoacanos nos toca poner la parte que nos corresponde y aprovechar los servicios que se ofrecen en estas ferias\u201d<\/p>\n<p>Por su parte, el subsecretario Roberto Campa se\u00f1al\u00f3 que para alcanzar los cambios que necesita nuestra entidad se trabaja de manera permanente, por ejemplo, con el Programa de Prevenci\u00f3n del Delito, donde se atienden alrededor de 30 colonias en este municipio, que fueron seleccionadas debido a su rezago social y falta de seguridad.<\/p>\n<p>\u201cEstas acciones, en algunos a\u00f1os permitir\u00e1n garantizarle a los j\u00f3venes que en la legalidad pueden construir un proyecto de vida, que en la legalidad pueden encontrar una opci\u00f3n para fincar y sostener a sus familias\u201d, asegur\u00f3.<\/p>\n<p>Asimismo, indic\u00f3 que las Ferias de Atenci\u00f3n son uno de los diferentes proyectos que se implementan por instrucci\u00f3n del presidente Enrique Pe\u00f1a Nieto para alcanzar el cambio en Michoac\u00e1n; \u201cya que las acciones dispersas no funcionan, tienen que hacerse de manera integral y as\u00ed lo estamos haciendo\u201d, reiter\u00f3 Campa Cifri\u00e1n.<\/p>\n<p>En su intervenci\u00f3n, Florentino Coalla Pulido, representante del comisionado para la Seguridad y Desarrollo Integral en la entidad, Alfredo Castillo Cervantes; destac\u00f3 que este es un trabajo coordinado con la Federaci\u00f3n y que permitir\u00e1 involucrar a la sociedad en las acciones de gobierno, \u201cpara que Michoac\u00e1n vuelva a ser referente nacional de desarrollo\u201d<\/p>\n<p>Las Ferias de \u00a0Atenci\u00f3n son eventos comunitarios donde participan dependencias de los tres \u00f3rdenes de gobierno que acercan los programas sociales a la poblaci\u00f3n y se llevan a cabo en espacios dentro de los pol\u00edgonos de atenci\u00f3n pertenecientes al Programa Nacional de Prevenci\u00f3n Social de la Violencia y la Delincuencia.<\/p>\n<p>Algunas de las instituciones que asisten son: la Secretar\u00eda de Econom\u00eda, la Secretar\u00eda de Educaci\u00f3n P\u00fablica; el Instituto Mexicano del Seguro Social; el Consejo Nacional para la Cultura y las Artes; la Secretar\u00eda de los J\u00f3venes, el Sistema para el Desarrollo Integral de la Familia; la Secretar\u00eda de Salud; entre otras.<b><\/b><\/p>\n","protected":false},"excerpt":{"rendered":"<p>La legalidad no s\u00f3lo es un asunto de trabajo, es un asunto de valores que tenemos que construir todos los d\u00edas, con nuestros familiares para reconstruir el tejido social, para vivir en paz y en condiciones de bienestar; manifest\u00f3 el gobernador del estado Salvador Jara Guerrero al encabezar, <\/p>\n","protected":false},"author":1,"featured_media":8661,"comment_status":"open","ping_status":"open","sticky":false,"template":"","format":"standard","meta":{"footnotes":""},"categories":[14,3],"tags":[],"class_list":["post-8660","post","type-post","status-publish","format-standard","has-post-thumbnail","hentry","category-destacadas","category-gobierno-del-estado-de-michoacan"],"_links":{"self":[{"href":"https:\/\/radiowebmx.com\/nota\/wp-json\/wp\/v2\/posts\/8660","targetHints":{"allow":["GET"]}}],"collection":[{"href":"https:\/\/radiowebmx.com\/nota\/wp-json\/wp\/v2\/posts"}],"about":[{"href":"https:\/\/radiowebmx.com\/nota\/wp-json\/wp\/v2\/types\/post"}],"author":[{"embeddable":true,"href":"https:\/\/radiowebmx.com\/nota\/wp-json\/wp\/v2\/users\/1"}],"replies":[{"embeddable":true,"href":"https:\/\/radiowebmx.com\/nota\/wp-json\/wp\/v2\/comments?post=8660"}],"version-history":[{"count":1,"href":"https:\/\/radiowebmx.com\/nota\/wp-json\/wp\/v2\/posts\/8660\/revisions"}],"predecessor-version":[{"id":8662,"href":"https:\/\/radiowebmx.com\/nota\/wp-json\/wp\/v2\/posts\/8660\/revisions\/8662"}],"wp:featuredmedia":[{"embeddable":true,"href":"https:\/\/radiowebmx.com\/nota\/wp-json\/wp\/v2\/media\/8661"}],"wp:attachment":[{"href":"https:\/\/radiowebmx.com\/nota\/wp-json\/wp\/v2\/media?parent=8660"}],"wp:term":[{"taxonomy":"category","embeddable":true,"href":"https:\/\/radiowebmx.com\/nota\/wp-json\/wp\/v2\/categories?post=8660"},{"taxonomy":"post_tag","embeddable":true,"href":"https:\/\/radiowebmx.com\/nota\/wp-json\/wp\/v2\/tags?post=8660"}],"curies":[{"name":"wp","href":"https:\/\/api.w.org\/{rel}","templated":true}]}}