{"id":866,"date":"2013-01-17T14:07:51","date_gmt":"2013-01-17T20:07:51","guid":{"rendered":"https:\/\/radiowebmx.com\/nota\/?p=866"},"modified":"2013-01-17T14:08:05","modified_gmt":"2013-01-17T20:08:05","slug":"recibe-el-coordinador-de-contraloria-al-presidente-del-comite-ejecutivo-estatal-del-pan","status":"publish","type":"post","link":"https:\/\/radiowebmx.com\/nota\/recibe-el-coordinador-de-contraloria-al-presidente-del-comite-ejecutivo-estatal-del-pan\/","title":{"rendered":"RECIBE EL COORDINADOR DE CONTRALOR\u00cdA AL PRESIDENTE DEL COMIT\u00c9 EJECUTIVO ESTATAL DEL PAN"},"content":{"rendered":"<p>Conforme a la solicitud hecha por la dirigencia estatal del Partido Acci\u00f3n Nacional en d\u00edas pasados, el coordinador de la Contralor\u00eda de Michoac\u00e1n, Carlos Agust\u00edn Ochoa Le\u00f3n, atendi\u00f3 esta ma\u00f1ana al presidente del comit\u00e9 ejecutivo estatal del PAN, Miguel \u00c1ngel Ch\u00e1vez Zavala, adem\u00e1s de los diputados Alfonso Mart\u00ednez y\u00a0 Sergio Ben\u00edtez, para recibir formalmente la denuncia contra ex funcionarios de la pasada administraci\u00f3n estatal.<\/p>\n<p>En este sentido, el contralor estatal manifest\u00f3 que se analizar\u00e1 el contenido del documento y se determinar\u00e1 jur\u00eddicamente lo procedente y en su oportunidad y dentro del marco de la ley, se har\u00e1 del conocimiento p\u00fablico los resultados de dicho an\u00e1lisis.<\/p>\n<p>Igualmente, conforme a las atribuciones que la Ley establece, la Coordinaci\u00f3n de Contralor\u00eda contin\u00faa con los procesos de revisi\u00f3n a trav\u00e9s las auditor\u00edas a las dependencias y entidades; de esta forma, se est\u00e1n integrando los expedientes que a cada caso conciernen, as\u00ed como las denuncias correspondientes que ser\u00e1n presentadas en su momento a las autoridades competentes.<\/p>\n<p>El Coordinador de Contralor\u00eda record\u00f3 que los procesos deben ser respetados en cuanto a los tiempos que marca la ley e insisti\u00f3 que tan pronto finalicen, se har\u00e1n de conocimiento p\u00fablico, con el af\u00e1n de respetar los lapsos y estatutos que normativamente los regulan.<\/p>\n<p>Finalmente, Ochoa Le\u00f3n manifest\u00f3 que se trata de un acto de coadyuvancia entre las instituciones en pro de la\u00a0 transparencia y la rendici\u00f3n de cuentas, con el \u00fanico objetivo de cumplir a cabalidad con el compromiso de esta gesti\u00f3n gubernamental encabezada por el gobernador Fausto Vallejo Figueroa.<\/p>\n","protected":false},"excerpt":{"rendered":"<p>Conforme a la solicitud hecha por la dirigencia estatal del Partido Acci\u00f3n Nacional en d\u00edas pasados, el coordinador de la Contralor\u00eda de Michoac\u00e1n, Carlos Agust\u00edn Ochoa Le\u00f3n, atendi\u00f3 esta ma\u00f1ana al presidente del comit\u00e9 ejecutivo estatal del PAN, Miguel \u00c1ngel Ch\u00e1vez Zavala, adem\u00e1s de los diputados Alfonso Mart\u00ednez y  Sergio Ben\u00edtez, para recibir formalmente la denuncia contra ex funcionarios de la pasada administraci\u00f3n estatal.<\/p>\n","protected":false},"author":1,"featured_media":0,"comment_status":"open","ping_status":"open","sticky":false,"template":"","format":"standard","meta":{"footnotes":""},"categories":[3],"tags":[],"class_list":["post-866","post","type-post","status-publish","format-standard","hentry","category-gobierno-del-estado-de-michoacan"],"_links":{"self":[{"href":"https:\/\/radiowebmx.com\/nota\/wp-json\/wp\/v2\/posts\/866","targetHints":{"allow":["GET"]}}],"collection":[{"href":"https:\/\/radiowebmx.com\/nota\/wp-json\/wp\/v2\/posts"}],"about":[{"href":"https:\/\/radiowebmx.com\/nota\/wp-json\/wp\/v2\/types\/post"}],"author":[{"embeddable":true,"href":"https:\/\/radiowebmx.com\/nota\/wp-json\/wp\/v2\/users\/1"}],"replies":[{"embeddable":true,"href":"https:\/\/radiowebmx.com\/nota\/wp-json\/wp\/v2\/comments?post=866"}],"version-history":[{"count":2,"href":"https:\/\/radiowebmx.com\/nota\/wp-json\/wp\/v2\/posts\/866\/revisions"}],"predecessor-version":[{"id":868,"href":"https:\/\/radiowebmx.com\/nota\/wp-json\/wp\/v2\/posts\/866\/revisions\/868"}],"wp:attachment":[{"href":"https:\/\/radiowebmx.com\/nota\/wp-json\/wp\/v2\/media?parent=866"}],"wp:term":[{"taxonomy":"category","embeddable":true,"href":"https:\/\/radiowebmx.com\/nota\/wp-json\/wp\/v2\/categories?post=866"},{"taxonomy":"post_tag","embeddable":true,"href":"https:\/\/radiowebmx.com\/nota\/wp-json\/wp\/v2\/tags?post=866"}],"curies":[{"name":"wp","href":"https:\/\/api.w.org\/{rel}","templated":true}]}}