{"id":864,"date":"2013-01-17T13:39:57","date_gmt":"2013-01-17T19:39:57","guid":{"rendered":"https:\/\/radiowebmx.com\/nota\/?p=864"},"modified":"2013-01-17T13:39:57","modified_gmt":"2013-01-17T19:39:57","slug":"patricia-mora-de-vallejo-efectua-supervision-en-cadi%c2%b4s","status":"publish","type":"post","link":"https:\/\/radiowebmx.com\/nota\/patricia-mora-de-vallejo-efectua-supervision-en-cadi%c2%b4s\/","title":{"rendered":"PATRICIA MORA DE VALLEJO EFECT\u00daA SUPERVISI\u00d3N EN CADI\u00b4S"},"content":{"rendered":"<p><img loading=\"lazy\" decoding=\"async\" class=\"alignnone\" src=\"http:\/\/img7.imageshack.us\/img7\/5522\/img4827ly.jpg\" alt=\"\" width=\"591\" height=\"265\" \/>La presidenta del Sistema para el Desarrollo Integral de la Familia (DIF) Michoac\u00e1n, Patricia Mora de Vallejo, realiz\u00f3 una gira de supervisi\u00f3n en los Centros de Atenci\u00f3n para el Desarrollo Infantil (CADI), ubicados en la ciudad de Morelia.<\/p>\n<p>&nbsp;<\/p>\n<p>La presidenta del DIF estatal subray\u00f3 el inter\u00e9s de este sistema en mejorar los servicios que se ofrecen en los centros, as\u00ed como brindar la seguridad necesaria y la atenci\u00f3n integral a los ni\u00f1os que a ellos acuden.<\/p>\n<p>&nbsp;<\/p>\n<p>Durante la gira, Mora de Vallejo conoci\u00f3 de viva voz de las docentes las necesidades de cada uno de los CADI\u00b4S, adem\u00e1s de que interactu\u00f3 con los peque\u00f1os que recib\u00edan clases.<\/p>\n<p>&nbsp;<\/p>\n<p>Gilda Flores Torres, directora de Atenci\u00f3n al Menor en Estado Vulnerable, explic\u00f3 que por instrucciones de la presidenta del DIF Michoac\u00e1n, se trabaja desde el a\u00f1o pasado en dar cobertura integral a las \u00e1reas educativas seg\u00fan sea el caso, como son: la reparaci\u00f3n de sanitarios, dotaci\u00f3n de equipo de cocina y el mantenimiento e impermeabilizaci\u00f3n de los techos.<\/p>\n<p>&nbsp;<\/p>\n<p>Adem\u00e1s, se tiene el proyecto de implementar juegos infantiles nuevos acorde a las edades de los ni\u00f1os y, en particular, se trabaja en actualizar a los centros con las medidas de seguridad que exige la reglamentaci\u00f3n en la materia.<\/p>\n<p>&nbsp;<\/p>\n<p>En este sentido, destac\u00f3 adem\u00e1s que dos de los CADI\u00b4S se encuentran en proceso de certificaci\u00f3n en relaci\u00f3n a la seguridad, se trata de los planteles \u201cJuana Pav\u00f3n\u201d y \u201cMiguel Arreola\u201d; sin embargo, este a\u00f1o los cinco CADI\u00b4S restantes se integrar\u00e1n al mismo proceso.<\/p>\n<p>&nbsp;<\/p>\n<p>Finalmente, Flores Torres asegur\u00f3 que con esta visita, la presidenta del DIF Michoac\u00e1n, confirm\u00f3 la eficiencia de los centros y su funcionamiento \u00f3ptimo.<\/p>\n<p>&nbsp;<\/p>\n<p>&nbsp;<\/p>\n<p>&nbsp;<\/p>\n","protected":false},"excerpt":{"rendered":"<p>La presidenta del Sistema para el Desarrollo Integral de la Familia (DIF) Michoac\u00e1n, Patricia Mora de Vallejo, realiz\u00f3 una gira de supervisi\u00f3n en los Centros de Atenci\u00f3n para el Desarrollo Infantil (CADI), ubicados en la ciudad de Morelia.<\/p>\n","protected":false},"author":1,"featured_media":0,"comment_status":"open","ping_status":"open","sticky":false,"template":"","format":"standard","meta":{"footnotes":""},"categories":[3],"tags":[],"class_list":["post-864","post","type-post","status-publish","format-standard","hentry","category-gobierno-del-estado-de-michoacan"],"_links":{"self":[{"href":"https:\/\/radiowebmx.com\/nota\/wp-json\/wp\/v2\/posts\/864","targetHints":{"allow":["GET"]}}],"collection":[{"href":"https:\/\/radiowebmx.com\/nota\/wp-json\/wp\/v2\/posts"}],"about":[{"href":"https:\/\/radiowebmx.com\/nota\/wp-json\/wp\/v2\/types\/post"}],"author":[{"embeddable":true,"href":"https:\/\/radiowebmx.com\/nota\/wp-json\/wp\/v2\/users\/1"}],"replies":[{"embeddable":true,"href":"https:\/\/radiowebmx.com\/nota\/wp-json\/wp\/v2\/comments?post=864"}],"version-history":[{"count":1,"href":"https:\/\/radiowebmx.com\/nota\/wp-json\/wp\/v2\/posts\/864\/revisions"}],"predecessor-version":[{"id":865,"href":"https:\/\/radiowebmx.com\/nota\/wp-json\/wp\/v2\/posts\/864\/revisions\/865"}],"wp:attachment":[{"href":"https:\/\/radiowebmx.com\/nota\/wp-json\/wp\/v2\/media?parent=864"}],"wp:term":[{"taxonomy":"category","embeddable":true,"href":"https:\/\/radiowebmx.com\/nota\/wp-json\/wp\/v2\/categories?post=864"},{"taxonomy":"post_tag","embeddable":true,"href":"https:\/\/radiowebmx.com\/nota\/wp-json\/wp\/v2\/tags?post=864"}],"curies":[{"name":"wp","href":"https:\/\/api.w.org\/{rel}","templated":true}]}}