{"id":8631,"date":"2014-07-18T12:55:09","date_gmt":"2014-07-18T17:55:09","guid":{"rendered":"https:\/\/radiowebmx.com\/nota\/?p=8631"},"modified":"2014-07-18T12:55:16","modified_gmt":"2014-07-18T17:55:16","slug":"el-plan-michoacan-asegurara-el-repunte-de-la-entidad-jaime-d-oseguera","status":"publish","type":"post","link":"https:\/\/radiowebmx.com\/nota\/el-plan-michoacan-asegurara-el-repunte-de-la-entidad-jaime-d-oseguera\/","title":{"rendered":"EL PLAN MICHOAC\u00c1N ASEGURAR\u00c1 EL REPUNTE DE LA ENTIDAD: JAIME D. OSEGUERA"},"content":{"rendered":"<p><a href=\"https:\/\/radiowebmx.com\/nota\/wp-content\/uploads\/2014\/07\/reuni\u00f3n-delegados-eje-3.jpg\"><img loading=\"lazy\" decoding=\"async\" class=\"alignleft size-full wp-image-8632\" alt=\"reuni\u00f3n delegados eje 3\" src=\"https:\/\/radiowebmx.com\/nota\/wp-content\/uploads\/2014\/07\/reuni\u00f3n-delegados-eje-3.jpg\" width=\"591\" height=\"295\" srcset=\"https:\/\/radiowebmx.com\/nota\/wp-content\/uploads\/2014\/07\/reuni\u00f3n-delegados-eje-3.jpg 591w, https:\/\/radiowebmx.com\/nota\/wp-content\/uploads\/2014\/07\/reuni\u00f3n-delegados-eje-3-300x149.jpg 300w\" sizes=\"auto, (max-width: 591px) 100vw, 591px\" \/><\/a>Por instrucci\u00f3n del gobernador Salvador Jara Guerrero, el secretario de Gobierno, Jaime Dar\u00edo Oseguera M\u00e9ndez, contin\u00faa presidiendo las reuniones de evaluaci\u00f3n del Plan Michoac\u00e1n, hoy correspondiente al Eje 3: Infraestructura Moderna y Vivienda Digna, que tiene el objetivo de restablecer las bases del desarrollo integral del estado, coordinando el trabajo entre las dependencias federales y estatales.<\/p>\n<p>En reuni\u00f3n con delegados federales y sus delegados estatales de las Secretar\u00edas de Relaciones Exteriores (SER),\u00a0 Comunicaciones y Transportes (SCT), de Desarrollo Agrario, Territorial y Urbano (SEDATU), Secretar\u00eda de Energ\u00eda (SENER) y la Comisi\u00f3n Nacional del Agua (CONAGUA), as\u00ed como integrantes de Gabinete de Michoac\u00e1n, el encargado de la pol\u00edtica interna del estado puntualiz\u00f3 que existe una coordinaci\u00f3n integral entre el Gobierno Estatal y Federal para cumplir las 115 acciones que corresponden a este eje.<\/p>\n<p>Oseguera M\u00e9ndez asegur\u00f3 que se est\u00e1n cumpliendo los ofrecimientos del presidente Enrique Pe\u00f1a Nieto hacia los michoacanos. Y puntualiz\u00f3 que con estas acciones se genera certeza entre la poblaci\u00f3n y confianza en el gobierno.<\/p>\n<p>\u201cEl Plan Michoac\u00e1n, 250 Obras, Acciones y Programas, derivar\u00e1 en una importante derrama econ\u00f3mica para el estado, lo que asegurar\u00e1 el repunte de la entidad\u201d, finaliz\u00f3 el secretario de Gobierno.<\/p>\n","protected":false},"excerpt":{"rendered":"<p>Por instrucci\u00f3n del gobernador Salvador Jara Guerrero, el secretario de Gobierno, Jaime Dar\u00edo Oseguera M\u00e9ndez, contin\u00faa presidiendo las reuniones de evaluaci\u00f3n del Plan Michoac\u00e1n, hoy correspondiente al Eje 3:<\/p>\n","protected":false},"author":1,"featured_media":8632,"comment_status":"open","ping_status":"open","sticky":false,"template":"","format":"standard","meta":{"footnotes":""},"categories":[14,3],"tags":[],"class_list":["post-8631","post","type-post","status-publish","format-standard","has-post-thumbnail","hentry","category-destacadas","category-gobierno-del-estado-de-michoacan"],"_links":{"self":[{"href":"https:\/\/radiowebmx.com\/nota\/wp-json\/wp\/v2\/posts\/8631","targetHints":{"allow":["GET"]}}],"collection":[{"href":"https:\/\/radiowebmx.com\/nota\/wp-json\/wp\/v2\/posts"}],"about":[{"href":"https:\/\/radiowebmx.com\/nota\/wp-json\/wp\/v2\/types\/post"}],"author":[{"embeddable":true,"href":"https:\/\/radiowebmx.com\/nota\/wp-json\/wp\/v2\/users\/1"}],"replies":[{"embeddable":true,"href":"https:\/\/radiowebmx.com\/nota\/wp-json\/wp\/v2\/comments?post=8631"}],"version-history":[{"count":2,"href":"https:\/\/radiowebmx.com\/nota\/wp-json\/wp\/v2\/posts\/8631\/revisions"}],"predecessor-version":[{"id":8634,"href":"https:\/\/radiowebmx.com\/nota\/wp-json\/wp\/v2\/posts\/8631\/revisions\/8634"}],"wp:featuredmedia":[{"embeddable":true,"href":"https:\/\/radiowebmx.com\/nota\/wp-json\/wp\/v2\/media\/8632"}],"wp:attachment":[{"href":"https:\/\/radiowebmx.com\/nota\/wp-json\/wp\/v2\/media?parent=8631"}],"wp:term":[{"taxonomy":"category","embeddable":true,"href":"https:\/\/radiowebmx.com\/nota\/wp-json\/wp\/v2\/categories?post=8631"},{"taxonomy":"post_tag","embeddable":true,"href":"https:\/\/radiowebmx.com\/nota\/wp-json\/wp\/v2\/tags?post=8631"}],"curies":[{"name":"wp","href":"https:\/\/api.w.org\/{rel}","templated":true}]}}