{"id":8620,"date":"2014-07-18T10:57:53","date_gmt":"2014-07-18T15:57:53","guid":{"rendered":"https:\/\/radiowebmx.com\/nota\/?p=8620"},"modified":"2014-07-18T10:57:53","modified_gmt":"2014-07-18T15:57:53","slug":"reactivan-campanas-de-prevencion-de-cancer-en-la-mujer-en-seis-municipios","status":"publish","type":"post","link":"https:\/\/radiowebmx.com\/nota\/reactivan-campanas-de-prevencion-de-cancer-en-la-mujer-en-seis-municipios\/","title":{"rendered":"REACTIVAN CAMPA\u00d1AS DE PREVENCI\u00d3N DE C\u00c1NCER EN LA MUJER EN SEIS MUNICIPIOS"},"content":{"rendered":"<p><a href=\"https:\/\/radiowebmx.com\/nota\/wp-content\/uploads\/2014\/07\/41.jpg\"><img loading=\"lazy\" decoding=\"async\" class=\"alignleft size-full wp-image-8621\" alt=\"4\" src=\"https:\/\/radiowebmx.com\/nota\/wp-content\/uploads\/2014\/07\/41.jpg\" width=\"591\" height=\"274\" srcset=\"https:\/\/radiowebmx.com\/nota\/wp-content\/uploads\/2014\/07\/41.jpg 591w, https:\/\/radiowebmx.com\/nota\/wp-content\/uploads\/2014\/07\/41-300x139.jpg 300w\" sizes=\"auto, (max-width: 591px) 100vw, 591px\" \/><\/a>Tar\u00edmbaro se convirti\u00f3 este jueves en el escenario del relanzamiento de la campa\u00f1a 10 d\u00edas Contigo en la Lucha Contra el C\u00e1ncer, misma que busca incentivar la cultura de la prevenci\u00f3n del c\u00e1ncer en la mujer y que tambi\u00e9n arrancar\u00e1 estos d\u00edas en los municipios de Chuc\u00e1ndiro, Charo, Morelia, Quer\u00e9ndaro y \u00c1lvaro Obreg\u00f3n.<\/p>\n<p>En compa\u00f1\u00eda del edil Benjam\u00edn P\u00e1ramo Garc\u00eda, el titular de la Secretar\u00eda de Pol\u00edtica Social del estado, Rodrigo Maldonado L\u00f3pez; la secretaria de la Mujer, Samantha Flores Adame, y el director estatal de la Administraci\u00f3n del Patrimonio de la Beneficencia P\u00fablica de la Secretar\u00eda de Salud, Benjam\u00edn<\/p>\n<p>Mu\u00f1oz Gonz\u00e1lez, pusieron en marcha la campa\u00f1a que busca atender al menos a 2 mil cinco michoacanas en el periodo de julio a diciembre.<\/p>\n<p>En su participaci\u00f3n, el titular de Sepsol, Rodrigo Maldonado, inst\u00f3 a las asistentes a realizarse chequeos m\u00e9dicos como la mastograf\u00eda y el papanicolaou, adem\u00e1s de constantes autoexploraciones, ya que hoy en d\u00eda la mujer est\u00e1 expuesta a distintos tipos de c\u00e1ncer, que de no atenderse a tiempo, pueden causar la muerte a quienes lo padecen.<\/p>\n<p>Lo m\u00e1s importante es la salud, destac\u00f3 el funcionario estatal, al tiempo que se realiz\u00f3 la entrega de las pulseras de siliconas que fungen como recordatorio para realizar los estudios correspondientes para la detecci\u00f3n de c\u00e1ncer.<\/p>\n<p>El titular de la Pol\u00edtica Social inform\u00f3 los beneficios que el programa \u201cContigo, Compromiso de Todos\u201d otorga a las mujeres, como es el caso de seguros ante la detecci\u00f3n de c\u00e1ncer de mama, c\u00e9rvico-uterino u ovarios, adem\u00e1s de gastos funerarios y fallecimiento accidental.<\/p>\n<p>Record\u00f3 por \u00faltimo, que en fechas recientes la Sepsol y la Secretar\u00eda de Desarrollo Social federal (Sedesol) firmaron un convenio de colaboraci\u00f3n que establece que las mujeres afiliadas a Contigo, cuenten tambi\u00e9n con el programa de Seguro para Jefas de Familia, mismo que apoya econ\u00f3micamente a los hijos de la beneficiaria en caso de que \u00e9sta llegue a faltar en su hogar.<\/p>\n<p>Por su parte, la secretaria de la Mujer, Samantha Flores Adame, destac\u00f3 que la dependencia que encabeza estar\u00e1 acompa\u00f1ando estas brigadas en los seis municipios, brindando asesor\u00edas psicol\u00f3gicas y legales a las mujeres, con la intenci\u00f3n de dar una atenci\u00f3n totalmente integral.<\/p>\n<p>&nbsp;<\/p>\n<p>\u201cLas invito a que tomemos y mantengamos esta cultura de la prevenci\u00f3n, ya que en la actualidad debemos prevenir para evitar lamentar\u201d, agreg\u00f3 Flores Adame.<\/p>\n<p>Para concluir el evento, Yara Hermelinda Pineda M\u00e1rquez, directora de la Unidad de Especialidades M\u00e9dicas Dedicada a la Detecci\u00f3n y Diagnostico del C\u00e1ncer de Mama (UNEME DEDICAM), dio a conocer que de cada 8 mujeres en el estado 2 padecen alg\u00fan tipo de c\u00e1ncer, situaci\u00f3n que puede ser reversible con la detecci\u00f3n temprana y los tratamientos correctos.<\/p>\n<p>&nbsp;<\/p>\n","protected":false},"excerpt":{"rendered":"<p>Tar\u00edmbaro se convirti\u00f3 este jueves en el escenario del relanzamiento de la campa\u00f1a 10 d\u00edas Contigo en la Lucha Contra el C\u00e1ncer, misma que busca incentivar la cultura de la prevenci\u00f3n del c\u00e1ncer en la mujer y que tambi\u00e9n arrancar\u00e1 estos d\u00edas en los municipios de Chuc\u00e1ndiro, <\/p>\n","protected":false},"author":1,"featured_media":8621,"comment_status":"open","ping_status":"open","sticky":false,"template":"","format":"standard","meta":{"footnotes":""},"categories":[14,3],"tags":[],"class_list":["post-8620","post","type-post","status-publish","format-standard","has-post-thumbnail","hentry","category-destacadas","category-gobierno-del-estado-de-michoacan"],"_links":{"self":[{"href":"https:\/\/radiowebmx.com\/nota\/wp-json\/wp\/v2\/posts\/8620","targetHints":{"allow":["GET"]}}],"collection":[{"href":"https:\/\/radiowebmx.com\/nota\/wp-json\/wp\/v2\/posts"}],"about":[{"href":"https:\/\/radiowebmx.com\/nota\/wp-json\/wp\/v2\/types\/post"}],"author":[{"embeddable":true,"href":"https:\/\/radiowebmx.com\/nota\/wp-json\/wp\/v2\/users\/1"}],"replies":[{"embeddable":true,"href":"https:\/\/radiowebmx.com\/nota\/wp-json\/wp\/v2\/comments?post=8620"}],"version-history":[{"count":2,"href":"https:\/\/radiowebmx.com\/nota\/wp-json\/wp\/v2\/posts\/8620\/revisions"}],"predecessor-version":[{"id":8623,"href":"https:\/\/radiowebmx.com\/nota\/wp-json\/wp\/v2\/posts\/8620\/revisions\/8623"}],"wp:featuredmedia":[{"embeddable":true,"href":"https:\/\/radiowebmx.com\/nota\/wp-json\/wp\/v2\/media\/8621"}],"wp:attachment":[{"href":"https:\/\/radiowebmx.com\/nota\/wp-json\/wp\/v2\/media?parent=8620"}],"wp:term":[{"taxonomy":"category","embeddable":true,"href":"https:\/\/radiowebmx.com\/nota\/wp-json\/wp\/v2\/categories?post=8620"},{"taxonomy":"post_tag","embeddable":true,"href":"https:\/\/radiowebmx.com\/nota\/wp-json\/wp\/v2\/tags?post=8620"}],"curies":[{"name":"wp","href":"https:\/\/api.w.org\/{rel}","templated":true}]}}