{"id":8615,"date":"2014-07-18T10:45:16","date_gmt":"2014-07-18T15:45:16","guid":{"rendered":"https:\/\/radiowebmx.com\/nota\/?p=8615"},"modified":"2014-07-18T10:47:31","modified_gmt":"2014-07-18T15:47:31","slug":"supervisa-proteccion-civil-balnearios-de-la-entidad-michoacana","status":"publish","type":"post","link":"https:\/\/radiowebmx.com\/nota\/supervisa-proteccion-civil-balnearios-de-la-entidad-michoacana\/","title":{"rendered":"Supervisa Protecci\u00f3n Civil balnearios de la entidad michoacana"},"content":{"rendered":"<p><a href=\"https:\/\/radiowebmx.com\/nota\/wp-content\/uploads\/2014\/07\/14.jpg\"><img loading=\"lazy\" decoding=\"async\" class=\"alignleft size-full wp-image-8616\" alt=\"1\" src=\"https:\/\/radiowebmx.com\/nota\/wp-content\/uploads\/2014\/07\/14.jpg\" width=\"591\" height=\"301\" srcset=\"https:\/\/radiowebmx.com\/nota\/wp-content\/uploads\/2014\/07\/14.jpg 591w, https:\/\/radiowebmx.com\/nota\/wp-content\/uploads\/2014\/07\/14-300x152.jpg 300w\" sizes=\"auto, (max-width: 591px) 100vw, 591px\" \/><\/a>Con el arranque de la temporada vacacional, la Secretar\u00eda de Seguridad P\u00fablica, a trav\u00e9s de la Direcci\u00f3n Estatal de Protecci\u00f3n Civil, realiza una serie de operativos en los balnearios y centros recreativos de la entidad michoacana.<\/p>\n<p>Esto, con el objetivo de constatar que los prestadores de servicios cuentan con el personal capacitado y las condiciones adecuadas para atender cualquier situaci\u00f3n de emergencia.<\/p>\n<p>En ese sentido, el personal de Protecci\u00f3n Civil tendr\u00e1 especial \u00e9nfasis en revisar aquellos negocios que atender\u00e1n a las familias michoacanas, visitantes y turistas que acuden a albercas p\u00fablicas, clubes deportivos, balnearios y centros recreativos, donde verificar\u00e1n el cumplimiento de los sistemas de seguridad y la normatividad en materia de protecci\u00f3n civil.<\/p>\n<p>Ante esto, se recomienda a la poblaci\u00f3n que durante el periodo vacacional y d\u00edas de asueto que acuden a estos lugares, extremen precauciones preguntando y revisando que el lugar cuente con los permisos de funcionamiento, igualmente, respeten las indicaciones de seguridad que estable cada lugar.<\/p>\n<p>Asimismo, a no introducirse al agua bajo los efectos del alcohol y despu\u00e9s de comer y, principalmente, a mantener la vigilancia estrecha con los menores de edad a fin de evitar alg\u00fan accidente.<\/p>\n","protected":false},"excerpt":{"rendered":"<p>Con el arranque de la temporada vacacional, la Secretar\u00eda de Seguridad P\u00fablica, a trav\u00e9s de la Direcci\u00f3n Estatal de Protecci\u00f3n Civil, realiza una serie de operativos en los balnearios y centros recreativos de la entidad michoacana.<\/p>\n","protected":false},"author":1,"featured_media":8616,"comment_status":"open","ping_status":"open","sticky":false,"template":"","format":"standard","meta":{"footnotes":""},"categories":[14,3],"tags":[],"class_list":["post-8615","post","type-post","status-publish","format-standard","has-post-thumbnail","hentry","category-destacadas","category-gobierno-del-estado-de-michoacan"],"_links":{"self":[{"href":"https:\/\/radiowebmx.com\/nota\/wp-json\/wp\/v2\/posts\/8615","targetHints":{"allow":["GET"]}}],"collection":[{"href":"https:\/\/radiowebmx.com\/nota\/wp-json\/wp\/v2\/posts"}],"about":[{"href":"https:\/\/radiowebmx.com\/nota\/wp-json\/wp\/v2\/types\/post"}],"author":[{"embeddable":true,"href":"https:\/\/radiowebmx.com\/nota\/wp-json\/wp\/v2\/users\/1"}],"replies":[{"embeddable":true,"href":"https:\/\/radiowebmx.com\/nota\/wp-json\/wp\/v2\/comments?post=8615"}],"version-history":[{"count":3,"href":"https:\/\/radiowebmx.com\/nota\/wp-json\/wp\/v2\/posts\/8615\/revisions"}],"predecessor-version":[{"id":8619,"href":"https:\/\/radiowebmx.com\/nota\/wp-json\/wp\/v2\/posts\/8615\/revisions\/8619"}],"wp:featuredmedia":[{"embeddable":true,"href":"https:\/\/radiowebmx.com\/nota\/wp-json\/wp\/v2\/media\/8616"}],"wp:attachment":[{"href":"https:\/\/radiowebmx.com\/nota\/wp-json\/wp\/v2\/media?parent=8615"}],"wp:term":[{"taxonomy":"category","embeddable":true,"href":"https:\/\/radiowebmx.com\/nota\/wp-json\/wp\/v2\/categories?post=8615"},{"taxonomy":"post_tag","embeddable":true,"href":"https:\/\/radiowebmx.com\/nota\/wp-json\/wp\/v2\/tags?post=8615"}],"curies":[{"name":"wp","href":"https:\/\/api.w.org\/{rel}","templated":true}]}}