{"id":8608,"date":"2014-07-18T10:37:44","date_gmt":"2014-07-18T15:37:44","guid":{"rendered":"https:\/\/radiowebmx.com\/nota\/?p=8608"},"modified":"2014-07-18T10:37:44","modified_gmt":"2014-07-18T15:37:44","slug":"inaugura-carlos-aranza-v-jornadas-de-trabajo-social","status":"publish","type":"post","link":"https:\/\/radiowebmx.com\/nota\/inaugura-carlos-aranza-v-jornadas-de-trabajo-social\/","title":{"rendered":"INAUGURA CARLOS ARANZA V JORNADAS DE TRABAJO SOCIAL"},"content":{"rendered":"<p><a href=\"https:\/\/radiowebmx.com\/nota\/wp-content\/uploads\/2014\/07\/IMG_0871.jpg\"><img loading=\"lazy\" decoding=\"async\" class=\"alignleft size-full wp-image-8610\" alt=\"IMG_0871\" src=\"https:\/\/radiowebmx.com\/nota\/wp-content\/uploads\/2014\/07\/IMG_0871.jpg\" width=\"591\" height=\"308\" srcset=\"https:\/\/radiowebmx.com\/nota\/wp-content\/uploads\/2014\/07\/IMG_0871.jpg 591w, https:\/\/radiowebmx.com\/nota\/wp-content\/uploads\/2014\/07\/IMG_0871-300x156.jpg 300w\" sizes=\"auto, (max-width: 591px) 100vw, 591px\" \/><\/a>Durante la inauguraci\u00f3n de las V Jornadas de Trabajo Social \u201cTransformando el Trabajo Social\u2026 Una puerta giratoria\u201d que lleva a cabo el Hospital General \u201cDr. Miguel Silva\u201d de Morelia, y en el marco del CXIII aniversario de su fundaci\u00f3n, el secretario de Salud en Michoac\u00e1n, Carlos Aranza Doniz resalt\u00f3 que los profesionales en trabajo social se convierten en agentes de cambio en la sociedad y en la vida de las personas, familias y comunidades para las que trabajan.<\/p>\n<p>&nbsp;<\/p>\n<p>Manifest\u00f3 que el trabajador social forma parte importante del equipo que conforma la Secretar\u00eda de Salud, ya que esta profesi\u00f3n fue creada precisamente para ayudar a la poblaci\u00f3n m\u00e1s desamparada econ\u00f3mica y socialmente, por lo tanto es el enlace entre la instituci\u00f3n y la poblaci\u00f3n.<\/p>\n<p>&nbsp;<\/p>\n<p>Aranza Doniz, detall\u00f3 que el trabajo social se construye interviniendo en forma relevante dentro del campo de la salud y es una labor muy interesante en la vida de las personas, puesto que hoy deben saber c\u00f3mo conducirse ante la problem\u00e1tica social que embarga a los enfermos.<\/p>\n<p>&nbsp;<\/p>\n<p>Asimismo, conmin\u00f3 a realizar sus laborales con la misma entrega y dedicaci\u00f3n, pero sobre todo a tener la firme convicci\u00f3n de brindar una calidad total a los pacientes y familiares.<\/p>\n<p>&nbsp;<\/p>\n<p>El titular de la Secretar\u00eda de Salud en la entidad (SSM) se congratul\u00f3 por acudir a este tipo de Jornadas en las que se actualiza en diversos temas de vanguardia a los profesionistas de Trabajo Social.<\/p>\n<p>&nbsp;<\/p>\n<p>\u201cFelicito a los organizadores y a los participantes, reconozco el esfuerzo y el compromiso de actualizaci\u00f3n y aprendizaje continuo en beneficio de su desempe\u00f1o profesional cotidiano y sobre todo en beneficio de nuestros pacientes\u201d, acot\u00f3.<\/p>\n<p>&nbsp;<\/p>\n<p>En las V Jornadas de Trabajo Social del Hospital Civil participan m\u00e1s de 40 trabajadores sociales de dicho nosocomio, donde durante dos d\u00edas -17 y 18 de julio- abordar\u00e1n temas como: La intervenci\u00f3n social dentro de m\u00ed; Conciencia y construcci\u00f3n colectiva; Estrategias de cambio para la vida; Manejo de conflictos; Logoterapia desde la perspectiva de trabajo social; El aprendizaje del ser y el hacer en trabajo social; El sentido de los humano en la teor\u00eda y en la pr\u00e1ctica del trabajo social, y El trabajador social como constructor de paz.<\/p>\n<p>&nbsp;<\/p>\n<p>A la inauguraci\u00f3n celebrada en las instalaciones del Polif\u00f3rum de Morelia, acudieron la diputada local, Daniela de los Santos Torres; el director de Salud del Ayuntamiento capitalino, Eric B\u00e1ez Morales; el director y jefa de Trabajo Social del Hospital General, Jes\u00fas \u00c1ngel Villagr\u00e1n Uribe y Mar\u00eda del Pilar Ramos Vargas, respectivamente, as\u00ed como la presidenta del Colegio de Trabajadoras Sociales de Michoac\u00e1n, Margarita Aguilera R\u00edos.<\/p>\n","protected":false},"excerpt":{"rendered":"<p>Durante la inauguraci\u00f3n de las V Jornadas de Trabajo Social \u201cTransformando el Trabajo Social\u2026 Una puerta giratoria\u201d que lleva a cabo el Hospital General \u201cDr. Miguel Silva\u201d de Morelia, y en el marco del CXIII aniversario de su fundaci\u00f3n, <\/p>\n","protected":false},"author":1,"featured_media":8610,"comment_status":"open","ping_status":"open","sticky":false,"template":"","format":"standard","meta":{"footnotes":""},"categories":[14,3],"tags":[],"class_list":["post-8608","post","type-post","status-publish","format-standard","has-post-thumbnail","hentry","category-destacadas","category-gobierno-del-estado-de-michoacan"],"_links":{"self":[{"href":"https:\/\/radiowebmx.com\/nota\/wp-json\/wp\/v2\/posts\/8608","targetHints":{"allow":["GET"]}}],"collection":[{"href":"https:\/\/radiowebmx.com\/nota\/wp-json\/wp\/v2\/posts"}],"about":[{"href":"https:\/\/radiowebmx.com\/nota\/wp-json\/wp\/v2\/types\/post"}],"author":[{"embeddable":true,"href":"https:\/\/radiowebmx.com\/nota\/wp-json\/wp\/v2\/users\/1"}],"replies":[{"embeddable":true,"href":"https:\/\/radiowebmx.com\/nota\/wp-json\/wp\/v2\/comments?post=8608"}],"version-history":[{"count":1,"href":"https:\/\/radiowebmx.com\/nota\/wp-json\/wp\/v2\/posts\/8608\/revisions"}],"predecessor-version":[{"id":8611,"href":"https:\/\/radiowebmx.com\/nota\/wp-json\/wp\/v2\/posts\/8608\/revisions\/8611"}],"wp:featuredmedia":[{"embeddable":true,"href":"https:\/\/radiowebmx.com\/nota\/wp-json\/wp\/v2\/media\/8610"}],"wp:attachment":[{"href":"https:\/\/radiowebmx.com\/nota\/wp-json\/wp\/v2\/media?parent=8608"}],"wp:term":[{"taxonomy":"category","embeddable":true,"href":"https:\/\/radiowebmx.com\/nota\/wp-json\/wp\/v2\/categories?post=8608"},{"taxonomy":"post_tag","embeddable":true,"href":"https:\/\/radiowebmx.com\/nota\/wp-json\/wp\/v2\/tags?post=8608"}],"curies":[{"name":"wp","href":"https:\/\/api.w.org\/{rel}","templated":true}]}}