{"id":8591,"date":"2014-07-17T10:24:28","date_gmt":"2014-07-17T15:24:28","guid":{"rendered":"https:\/\/radiowebmx.com\/nota\/?p=8591"},"modified":"2014-07-17T10:24:28","modified_gmt":"2014-07-17T15:24:28","slug":"realiza-sepsol-jornada-de-trabajo-en-mugica","status":"publish","type":"post","link":"https:\/\/radiowebmx.com\/nota\/realiza-sepsol-jornada-de-trabajo-en-mugica\/","title":{"rendered":"REALIZA SEPSOL JORNADA DE TRABAJO EN M\u00daGICA"},"content":{"rendered":"<p><a href=\"https:\/\/radiowebmx.com\/nota\/wp-content\/uploads\/2014\/07\/10272612_683488368396721_3207034103689230571_o.jpg\"><img loading=\"lazy\" decoding=\"async\" class=\"alignleft size-full wp-image-8592\" alt=\"10272612_683488368396721_3207034103689230571_o\" src=\"https:\/\/radiowebmx.com\/nota\/wp-content\/uploads\/2014\/07\/10272612_683488368396721_3207034103689230571_o.jpg\" width=\"591\" height=\"335\" srcset=\"https:\/\/radiowebmx.com\/nota\/wp-content\/uploads\/2014\/07\/10272612_683488368396721_3207034103689230571_o.jpg 591w, https:\/\/radiowebmx.com\/nota\/wp-content\/uploads\/2014\/07\/10272612_683488368396721_3207034103689230571_o-300x170.jpg 300w, https:\/\/radiowebmx.com\/nota\/wp-content\/uploads\/2014\/07\/10272612_683488368396721_3207034103689230571_o-128x72.jpg 128w\" sizes=\"auto, (max-width: 591px) 100vw, 591px\" \/><\/a>M\u00fagica se ha convertido en uno de los municipios que m\u00e1s seguros del programa estatal Contigo ha hecho efectivos, se\u00f1al\u00f3 el director de Dise\u00f1o y Evaluaci\u00f3n de Pol\u00edticas Sociales de la Secretar\u00eda de Pol\u00edtica Social (Sepsol), El\u00edas Acosta \u00c1lvarez, durante la jornada de trabajo realizada<b> <\/b>en dicho municipio.<\/p>\n<p>En compa\u00f1\u00eda del edil Casimiro Quezada Casillas y de su equipo de trabajo, directores de la Sepsol realizaron el pago de 18 seguros Contigo correspondientes a gastos funerarios por el orden de 170 mil 720 pesos. Dicha cantidad se suma a 53 seguros m\u00e1s cobrados por alrededor de 500 mil pesos.<\/p>\n<p>\u201cGracias a las gestiones del ayuntamiento y a la voluntad de realizar un trabajo coordinado entre ambos niveles de gobierno, en M\u00fagica existen 5 mil 200 beneficiarios de Contigo, quienes cuentan no s\u00f3lo con seguros, sino con todos los beneficios que otorga el programa estatal\u201d, puntualiz\u00f3 Acosta \u00c1lvarez.<\/p>\n<p>Momentos despu\u00e9s, se puso en marcha la tercera entrega de 2 mil 576 dotaciones alimentarias del programa Compromiso con la Nutrici\u00f3n de los Adultos Mayores, correspondientes a los meses de Abril-Julio para beneficio de mil 288 beneficiarios mugiquenses.<\/p>\n<p>En este tenor, el director de Combate a la Pobreza de la Sepsol, Rafael Barriga Colina, destac\u00f3 que tanto el presidente de M\u00e9xico, Enrique Pe\u00f1a Nieto, como el gobernador de Michoac\u00e1n, Salvador Jara Guerrero, comparten\u00a0 el objetivo de velar por la poblaci\u00f3n con mayor vulnerabilidad y rezago.<\/p>\n<p>Rafael Barriga destac\u00f3 los procesos de transparencia con que se opera este programa, pues permanentemente se somete a la supervisi\u00f3n de los Comit\u00e9s Municipales de Transparencia donde participan representantes de los tres principales partidos pol\u00edticos, funcionarios municipales y estatales, adem\u00e1s de miembros de la sociedad civil.<\/p>\n<p>Para concluir, el director de Combate a la Pobreza inform\u00f3 que el programa regularizar\u00e1 las emisiones mensuales de las despensas a partir del mes de agosto.<\/p>\n<p><b>TOMA PROTESTA CONSEJO MUNICIPAL DE PROTECCI\u00d3N CIVIL EN M\u00daGICA<\/b><\/p>\n<p>Con la finalidad de instrumentar un \u00f3rgano que d\u00e9 atenci\u00f3n inmediata a las contingencias naturales que se puedan suscitar en M\u00fagica, este mi\u00e9rcoles qued\u00f3 instalado el Consejo Municipal de Protecci\u00f3n Civil ante las autoridades representantes de la Secretar\u00eda de Pol\u00edtica Social y de la Direcci\u00f3n Estatal de Protecci\u00f3n Civil.<\/p>\n<p>Al respecto, Sheila Monta\u00f1o Mendoza, directora de Desarrollo de la Econom\u00eda Social de la Sepsol, coment\u00f3 que este nuevo consejo debe tener como prioridad el auxiliar a las personas que se puedan encontrar ante una situaci\u00f3n que ponga en riesgo su integridad f\u00edsica, adem\u00e1s de prevenir afectaciones por fen\u00f3menos naturales.<\/p>\n<p>La funcionaria estatal destac\u00f3 que uno de los principales requisitos para que un municipio pueda accesar a los apoyos que entrega el Fondo Nacional de Desastres Naturales (FONDEN), es contar con su propio Consejo de Protecci\u00f3n Civil.<\/p>\n<p>Por su parte, el edil Casimiro Quezada Casillas, destac\u00f3 el apoyo del gobierno estatal, que a trav\u00e9s de la Sepsol, se ha mantenido al pendiente desde la contingencia suscitada el pasado domingo 6 de julio.<\/p>\n<p>Inform\u00f3 adem\u00e1s que el ayuntamiento que encabeza determin\u00f3 en el 2012 un protocolo interno de atenci\u00f3n a contingencias, mismo que se ha fortalecido el d\u00eda de hoy gracias a la instalaci\u00f3n del Consejo Municipal de Protecci\u00f3n Civil.<\/p>\n","protected":false},"excerpt":{"rendered":"<p>M\u00fagica se ha convertido en uno de los municipios que m\u00e1s seguros del programa estatal Contigo ha hecho efectivos, se\u00f1al\u00f3 el director de Dise\u00f1o y Evaluaci\u00f3n de Pol\u00edticas Sociales de la Secretar\u00eda de Pol\u00edtica Social (Sepsol), El\u00edas Acosta \u00c1lvarez, durante la jornada de trabajo realizada en dicho municipio.<\/p>\n","protected":false},"author":1,"featured_media":8592,"comment_status":"open","ping_status":"open","sticky":false,"template":"","format":"standard","meta":{"footnotes":""},"categories":[14,3],"tags":[],"class_list":["post-8591","post","type-post","status-publish","format-standard","has-post-thumbnail","hentry","category-destacadas","category-gobierno-del-estado-de-michoacan"],"_links":{"self":[{"href":"https:\/\/radiowebmx.com\/nota\/wp-json\/wp\/v2\/posts\/8591","targetHints":{"allow":["GET"]}}],"collection":[{"href":"https:\/\/radiowebmx.com\/nota\/wp-json\/wp\/v2\/posts"}],"about":[{"href":"https:\/\/radiowebmx.com\/nota\/wp-json\/wp\/v2\/types\/post"}],"author":[{"embeddable":true,"href":"https:\/\/radiowebmx.com\/nota\/wp-json\/wp\/v2\/users\/1"}],"replies":[{"embeddable":true,"href":"https:\/\/radiowebmx.com\/nota\/wp-json\/wp\/v2\/comments?post=8591"}],"version-history":[{"count":1,"href":"https:\/\/radiowebmx.com\/nota\/wp-json\/wp\/v2\/posts\/8591\/revisions"}],"predecessor-version":[{"id":8593,"href":"https:\/\/radiowebmx.com\/nota\/wp-json\/wp\/v2\/posts\/8591\/revisions\/8593"}],"wp:featuredmedia":[{"embeddable":true,"href":"https:\/\/radiowebmx.com\/nota\/wp-json\/wp\/v2\/media\/8592"}],"wp:attachment":[{"href":"https:\/\/radiowebmx.com\/nota\/wp-json\/wp\/v2\/media?parent=8591"}],"wp:term":[{"taxonomy":"category","embeddable":true,"href":"https:\/\/radiowebmx.com\/nota\/wp-json\/wp\/v2\/categories?post=8591"},{"taxonomy":"post_tag","embeddable":true,"href":"https:\/\/radiowebmx.com\/nota\/wp-json\/wp\/v2\/tags?post=8591"}],"curies":[{"name":"wp","href":"https:\/\/api.w.org\/{rel}","templated":true}]}}