{"id":8588,"date":"2014-07-17T10:19:18","date_gmt":"2014-07-17T15:19:18","guid":{"rendered":"https:\/\/radiowebmx.com\/nota\/?p=8588"},"modified":"2014-07-17T10:19:18","modified_gmt":"2014-07-17T15:19:18","slug":"celebra-hospital-general-de-morelia-cxiii-aniversario-de-su-fundacion","status":"publish","type":"post","link":"https:\/\/radiowebmx.com\/nota\/celebra-hospital-general-de-morelia-cxiii-aniversario-de-su-fundacion\/","title":{"rendered":"CELEBRA HOSPITAL GENERAL DE MORELIA CXIII ANIVERSARIO DE SU FUNDACI\u00d3N"},"content":{"rendered":"<p><a href=\"https:\/\/radiowebmx.com\/nota\/wp-content\/uploads\/2014\/07\/IMG_1666.jpg\"><img loading=\"lazy\" decoding=\"async\" class=\"alignleft size-full wp-image-8589\" alt=\"IMG_1666\" src=\"https:\/\/radiowebmx.com\/nota\/wp-content\/uploads\/2014\/07\/IMG_1666.jpg\" width=\"591\" height=\"333\" srcset=\"https:\/\/radiowebmx.com\/nota\/wp-content\/uploads\/2014\/07\/IMG_1666.jpg 591w, https:\/\/radiowebmx.com\/nota\/wp-content\/uploads\/2014\/07\/IMG_1666-300x169.jpg 300w, https:\/\/radiowebmx.com\/nota\/wp-content\/uploads\/2014\/07\/IMG_1666-128x72.jpg 128w\" sizes=\"auto, (max-width: 591px) 100vw, 591px\" \/><\/a>Michoac\u00e1n s\u00ed tiene muchas cosas y noticias positivas, es un estado que en materia de salud tiene mucho que presumir, afirm\u00f3 el secretario de Salud en Michoac\u00e1n, Carlos Aranza Doniz, durante el CXIII Aniversario del Hospital General \u201cDr. Miguel Silva\u201d.<\/p>\n<p>&nbsp;<\/p>\n<p>Destac\u00f3 que una muestra de ello son las nuevas instalaciones del Hospital General que se est\u00e1n construyendo como parte de los compromisos presidenciales del Plan Michoac\u00e1n, \u201cJuntos lo Vamos a Lograr\u201d; el cual va brindar m\u00e1s y mejores servicios a todos los michoacanos y favorecer con ello el desempe\u00f1o del trabajador que se encuentra adscrito a este nosocomio.<\/p>\n<p>&nbsp;<\/p>\n<p>\u201cEl humanismo es una parte importante en la profesi\u00f3n del m\u00e9dico que no debe ir a menos con la tecnolog\u00eda y exigencia del servicio; ese humanismo es un compromiso que tiene su servidor con ustedes los michoacanos para evitar que en todos nuestros hospitales y cl\u00ednicas se pierda ese buen trato y as\u00ed brindarles la atenci\u00f3n que se merecen\u201d, dijo.<\/p>\n<p>&nbsp;<\/p>\n<p>Por ello, felicit\u00f3 a todo el personal de este hospital por su entrega y compromiso con los pacientes y confi\u00f3 en que todos los m\u00e9dicos, enfermeras y trabajadores en general, brindar\u00e1n a los enfermos y a sus familiares un trato c\u00e1lido y amable.<\/p>\n<p>&nbsp;<\/p>\n<p>Finalmente, manifest\u00f3 que este nosocomio es la Unidad de Salud m\u00e1s importante con la que cuenta la Secretar\u00eda, no s\u00f3lo por el extraordinario apoyo para la formaci\u00f3n de m\u00e9dicos generales y de diferentes especialidades, sino por el sorprendente potencial de recursos humanos que aqu\u00ed laboran.<\/p>\n<p>&nbsp;<\/p>\n<p>Por su parte, el director del Hospital General \u201cDr. Miguel Silva\u201d, Jes\u00fas \u00c1ngel Villagr\u00e1n Uribe, hizo una peque\u00f1a remembranza hist\u00f3rica de lo que fue y es este hospital.<\/p>\n<p>&nbsp;<\/p>\n<p>Afirm\u00f3, que el Hospital Civil se caracteriza por ser uno de los que cuenta con grandes especialidades, que se desarrollan con diferentes grados de profundidad y siempre en la perspectiva de mejora.<\/p>\n<p>&nbsp;<\/p>\n<p>\u201cPara quienes aqu\u00ed se formaron en pregrado o en una especialidad y para quienes aqu\u00ed trabajan en las diferentes funciones, ya sean sustantivas o de apoyo, debe ser un motivo de gran orgullo y un est\u00edmulo para seguir contribuyendo a su crecimiento y al incremento de la calidad de su atenci\u00f3n\u201d, enfatiz\u00f3 Villagr\u00e1n Uribe.<\/p>\n<p>Recalc\u00f3 que las dos grandes y cotidianas labores que han distinguido al nosocomio en la historia y se\u00f1alan su futuro son: la asistencia y la ense\u00f1anza.<\/p>\n<p>&nbsp;<\/p>\n<p>Reconoci\u00f3 que el nosocomio que fue creado con un alto sentido social en favor de las personas m\u00e1s vulnerables, ha llegado al tope en su crecimiento, los servicios de internamiento permanecen ocupados en ocasiones en m\u00e1s del 100 por ciento, sus posibilidades de crecimiento f\u00edsico est\u00e1n pr\u00e1cticamente agotadas, por ello, expres\u00f3 \u201ccelebro la construcci\u00f3n de un nuevo nosocomio, proyecto de crecimiento acorde a las exigencias actuales\u201d.<\/p>\n<p>&nbsp;<\/p>\n<p>Para culminar su participaci\u00f3n, el director del Civil, felicit\u00f3 a cada uno de los trabajadores del hospital y los conmin\u00f3 a seguir trabajando en favor de la poblaci\u00f3n que m\u00e1s lo necesita.<\/p>\n<p>&nbsp;<\/p>\n<p>En el evento celebrado en las propias instalaciones del Hospital se hizo la entrega de reconocimientos a personal por su destacada labor profesional.<\/p>\n<p>&nbsp;<\/p>\n<p>En el acto de aniversario, se cont\u00f3 con la asistencia del director del Seguro Popular, Pedro Galv\u00e1n Infante; el jefe del Departamento de Ense\u00f1anza e Investigaci\u00f3n del Hospital General \u201cDr. Miguel Silva\u201d, Jos\u00e9 Luis Zavala Mej\u00eda; representantes federales y estatales, as\u00ed como trabajadores.<\/p>\n","protected":false},"excerpt":{"rendered":"<p>Michoac\u00e1n s\u00ed tiene muchas cosas y noticias positivas, es un estado que en materia de salud tiene mucho que presumir, afirm\u00f3 el secretario de Salud en Michoac\u00e1n, Carlos Aranza Doniz, durante el CXIII Aniversario del Hospital General \u201cDr. Miguel Silva\u201d.<\/p>\n","protected":false},"author":1,"featured_media":8589,"comment_status":"open","ping_status":"open","sticky":false,"template":"","format":"standard","meta":{"footnotes":""},"categories":[14,3],"tags":[],"class_list":["post-8588","post","type-post","status-publish","format-standard","has-post-thumbnail","hentry","category-destacadas","category-gobierno-del-estado-de-michoacan"],"_links":{"self":[{"href":"https:\/\/radiowebmx.com\/nota\/wp-json\/wp\/v2\/posts\/8588","targetHints":{"allow":["GET"]}}],"collection":[{"href":"https:\/\/radiowebmx.com\/nota\/wp-json\/wp\/v2\/posts"}],"about":[{"href":"https:\/\/radiowebmx.com\/nota\/wp-json\/wp\/v2\/types\/post"}],"author":[{"embeddable":true,"href":"https:\/\/radiowebmx.com\/nota\/wp-json\/wp\/v2\/users\/1"}],"replies":[{"embeddable":true,"href":"https:\/\/radiowebmx.com\/nota\/wp-json\/wp\/v2\/comments?post=8588"}],"version-history":[{"count":1,"href":"https:\/\/radiowebmx.com\/nota\/wp-json\/wp\/v2\/posts\/8588\/revisions"}],"predecessor-version":[{"id":8590,"href":"https:\/\/radiowebmx.com\/nota\/wp-json\/wp\/v2\/posts\/8588\/revisions\/8590"}],"wp:featuredmedia":[{"embeddable":true,"href":"https:\/\/radiowebmx.com\/nota\/wp-json\/wp\/v2\/media\/8589"}],"wp:attachment":[{"href":"https:\/\/radiowebmx.com\/nota\/wp-json\/wp\/v2\/media?parent=8588"}],"wp:term":[{"taxonomy":"category","embeddable":true,"href":"https:\/\/radiowebmx.com\/nota\/wp-json\/wp\/v2\/categories?post=8588"},{"taxonomy":"post_tag","embeddable":true,"href":"https:\/\/radiowebmx.com\/nota\/wp-json\/wp\/v2\/tags?post=8588"}],"curies":[{"name":"wp","href":"https:\/\/api.w.org\/{rel}","templated":true}]}}