{"id":8569,"date":"2014-07-14T11:21:21","date_gmt":"2014-07-14T16:21:21","guid":{"rendered":"https:\/\/radiowebmx.com\/nota\/?p=8569"},"modified":"2014-07-16T11:21:35","modified_gmt":"2014-07-16T16:21:35","slug":"imde-inaugura-liga-de-futbol-en-tacicuaro","status":"publish","type":"post","link":"https:\/\/radiowebmx.com\/nota\/imde-inaugura-liga-de-futbol-en-tacicuaro\/","title":{"rendered":"IMDE INAUGURA LIGA DE FUTBOL EN TAC\u00cdCUARO"},"content":{"rendered":"<p>Como parte de las acciones ejercidas por el presidente Wilfrido L\u00e1zaro Medina en materia deportiva, eje primordial en su administraci\u00f3n, el Instituto Municipal de Cultura F\u00edsica y Deporte (IMDE) inaugur\u00f3 oficialmente la Liga de F\u00fatbol \u201cJos\u00e9 Mar\u00eda Morelos y Pav\u00f3n\u201d, perteneciente a la Tenencia de Tac\u00edcuaro.<\/p>\n<p>Bajo el programa \u201cTenencias y Pol\u00edgonos\u201d, implementado por el Instituto Municipal de Cultura F\u00edsica y Deporte, que encabeza Miguel \u00c1ngel Garc\u00eda Meza, el pasado domingo se celebr\u00f3 la inauguraci\u00f3n oficial de la temporada 2014-2015 de la Liga de Futbol perteneciente a la tenencia de Tac\u00edcuaro.<\/p>\n<p>Miguel \u00c1ngel Garc\u00eda Meza, director general del IMDE, as\u00ed como el secretario del Ayuntamiento de Morelia, Arturo Jos\u00e9 Mauricio y Enrique Hern\u00e1ndez, titular de dicha Liga, fueron los encargados de inaugurar formalmente la competencia.<\/p>\n<p>\u201cGracias a las gestiones de nuestro presidente municipal, Wilfrido L\u00e1zaro Medina, y a la suma de voluntades entre las diferentes instituciones, avanzamos de esta manera, en la direcci\u00f3n correcta, para involucrar cada vez a m\u00e1s personas de todas las zonas de Morelia y sus <a href=\"https:\/\/radiowebmx.com\/nota\/wp-content\/uploads\/2014\/07\/IMG-20140714-WA0010.jpg\"><img loading=\"lazy\" decoding=\"async\" class=\"alignleft size-full wp-image-8570\" alt=\"IMG-20140714-WA0010\" src=\"https:\/\/radiowebmx.com\/nota\/wp-content\/uploads\/2014\/07\/IMG-20140714-WA0010.jpg\" width=\"591\" height=\"197\" srcset=\"https:\/\/radiowebmx.com\/nota\/wp-content\/uploads\/2014\/07\/IMG-20140714-WA0010.jpg 591w, https:\/\/radiowebmx.com\/nota\/wp-content\/uploads\/2014\/07\/IMG-20140714-WA0010-300x100.jpg 300w\" sizes=\"auto, (max-width: 591px) 100vw, 591px\" \/><\/a>alrededores, en el deporte y la cultura f\u00edsica, elemento fundamental para la presente administraci\u00f3n\u201d, asegur\u00f3 el director del IMDE, Miguel \u00c1ngel Garc\u00eda Meza.<\/p>\n<p>La liga \u201cJos\u00e9 Mar\u00eda Morelos y Pav\u00f3n\u201d se disputa desde 1975, a\u00f1o en el cual fue fundada por Sa\u00fal Ramos y en la actualidad cuenta con la participaci\u00f3n de escuadras de las comunidades de Cuto de la Esperanza, San Juanito, La Concepci\u00f3n, Tac\u00edcuaro, adem\u00e1s de algunos de las colonias de Ni\u00f1o Artillero y L\u00f3pez Mateos, entre otras.<\/p>\n<p>El torneo est\u00e1 conformado por 40 equipos, los cuales disputar\u00e1n jornada a jornada la posibilidad de alzarse con el t\u00edtulo de campeones de las categor\u00edas: Libre, Primera y Segunda Fuerza.<\/p>\n<p>Todos buscar\u00e1n colocarse como ganadores de los trofeos y medallas, los cuales fungir\u00e1n como incentivo para los participantes, mismos que ser\u00e1n entregados al primer y segundo lugares de cada una de las fuerzas.<\/p>\n<p>En la edici\u00f3n anterior de este torneo, los equipos Deportivo Ju\u00e1rez y Atl\u00e9tico Internacional se proclamaron campeones en las categor\u00edas de Primer y Segunda Fuerza respectivamente, escuadras en b\u00fasqueda de refrendar su buen andar en la nueva temporada.<\/p>\n","protected":false},"excerpt":{"rendered":"<p>Como parte de las acciones ejercidas por el presidente Wilfrido L\u00e1zaro Medina en materia deportiva, eje primordial en su administraci\u00f3n, el Instituto Municipal de Cultura F\u00edsica y Deporte (IMDE) inaugur\u00f3 oficialmente la Liga de F\u00fatbol \u201cJos\u00e9 Mar\u00eda Morelos y Pav\u00f3n\u201d, perteneciente a la Tenencia de Tac\u00edcuaro.<\/p>\n","protected":false},"author":1,"featured_media":8570,"comment_status":"open","ping_status":"open","sticky":false,"template":"","format":"standard","meta":{"footnotes":""},"categories":[14,9],"tags":[],"class_list":["post-8569","post","type-post","status-publish","format-standard","has-post-thumbnail","hentry","category-destacadas","category-morelia"],"_links":{"self":[{"href":"https:\/\/radiowebmx.com\/nota\/wp-json\/wp\/v2\/posts\/8569","targetHints":{"allow":["GET"]}}],"collection":[{"href":"https:\/\/radiowebmx.com\/nota\/wp-json\/wp\/v2\/posts"}],"about":[{"href":"https:\/\/radiowebmx.com\/nota\/wp-json\/wp\/v2\/types\/post"}],"author":[{"embeddable":true,"href":"https:\/\/radiowebmx.com\/nota\/wp-json\/wp\/v2\/users\/1"}],"replies":[{"embeddable":true,"href":"https:\/\/radiowebmx.com\/nota\/wp-json\/wp\/v2\/comments?post=8569"}],"version-history":[{"count":3,"href":"https:\/\/radiowebmx.com\/nota\/wp-json\/wp\/v2\/posts\/8569\/revisions"}],"predecessor-version":[{"id":8573,"href":"https:\/\/radiowebmx.com\/nota\/wp-json\/wp\/v2\/posts\/8569\/revisions\/8573"}],"wp:featuredmedia":[{"embeddable":true,"href":"https:\/\/radiowebmx.com\/nota\/wp-json\/wp\/v2\/media\/8570"}],"wp:attachment":[{"href":"https:\/\/radiowebmx.com\/nota\/wp-json\/wp\/v2\/media?parent=8569"}],"wp:term":[{"taxonomy":"category","embeddable":true,"href":"https:\/\/radiowebmx.com\/nota\/wp-json\/wp\/v2\/categories?post=8569"},{"taxonomy":"post_tag","embeddable":true,"href":"https:\/\/radiowebmx.com\/nota\/wp-json\/wp\/v2\/tags?post=8569"}],"curies":[{"name":"wp","href":"https:\/\/api.w.org\/{rel}","templated":true}]}}