{"id":8558,"date":"2014-07-09T11:15:09","date_gmt":"2014-07-09T16:15:09","guid":{"rendered":"https:\/\/radiowebmx.com\/nota\/?p=8558"},"modified":"2014-07-16T11:15:35","modified_gmt":"2014-07-16T16:15:35","slug":"convive-wlm-con-loctarios-del-mercado-emiliano-zapata%e2%80%8f","status":"publish","type":"post","link":"https:\/\/radiowebmx.com\/nota\/convive-wlm-con-loctarios-del-mercado-emiliano-zapata%e2%80%8f\/","title":{"rendered":"CONVIVE WLM CON LOCTARIOS DEL MERCADO EMILIANO ZAPATA\u200f"},"content":{"rendered":"<p><a href=\"https:\/\/radiowebmx.com\/nota\/wp-content\/uploads\/2014\/07\/zapata-3.jpg\"><img loading=\"lazy\" decoding=\"async\" class=\"alignleft size-full wp-image-8559\" alt=\"zapata (3)\" src=\"https:\/\/radiowebmx.com\/nota\/wp-content\/uploads\/2014\/07\/zapata-3.jpg\" width=\"591\" height=\"317\" srcset=\"https:\/\/radiowebmx.com\/nota\/wp-content\/uploads\/2014\/07\/zapata-3.jpg 591w, https:\/\/radiowebmx.com\/nota\/wp-content\/uploads\/2014\/07\/zapata-3-300x160.jpg 300w\" sizes=\"auto, (max-width: 591px) 100vw, 591px\" \/><\/a>El presidente municipal de Morelia, Wilfrido L\u00e1zaro Medina recibi\u00f3 el agradecimiento de los cerca de 300 locatarios del Mercado \u201cEmiliano Zapata\u201d por el apoyo que les brind\u00f3 en la tramitaci\u00f3n de regularizaci\u00f3n del predio que alberga este centro de comercio local.<\/p>\n<p>&nbsp;<\/p>\n<p>En una convivencia, Misaela Hern\u00e1ndez Fonzeca coordinadora general del mercado, asegur\u00f3 que el documento que\u00a0 en pr\u00f3ximas fechas saldr\u00e1 a favor de la legalizaci\u00f3n del inmueble, dar\u00e1 certeza jur\u00eddica del espacio que ocupan para ofertar sus productos y alimentos a los oferentes.<\/p>\n<p>&nbsp;<\/p>\n<p>Con ello, dijo que las m\u00e1s de siete hect\u00e1reas que concentra el mercado desde hace 30 a\u00f1os, ser\u00e1 un \u201csue\u00f1o hecho realidad\u201d ya que coment\u00f3 que por a\u00f1os, se busc\u00f3 el apoyo de las autoridades, siendo el presidente Wilfrido L\u00e1zaro, quien los escuch\u00f3 y los apoyo.<\/p>\n<p>&nbsp;<\/p>\n<p>Por su parte el alcalde de la comuna, asegur\u00f3 que es un gusto trabajar por el bien de los morelianos y del municipio, por lo que refrend\u00f3 el compromiso de seguir de la mano con los locatarios hasta tener en sus manos el documento oficial de regularizaci\u00f3n del predio, mismo que se encuentra en la fase final y a punto de emitirse.<\/p>\n","protected":false},"excerpt":{"rendered":"<p>El presidente municipal de Morelia, Wilfrido L\u00e1zaro Medina recibi\u00f3 el agradecimiento de los cerca de 300 locatarios del Mercado \u201cEmiliano Zapata\u201d por el apoyo que les brind\u00f3 en la tramitaci\u00f3n de regularizaci\u00f3n del predio que alberga este centro de comercio local.<\/p>\n","protected":false},"author":1,"featured_media":8559,"comment_status":"open","ping_status":"open","sticky":false,"template":"","format":"standard","meta":{"footnotes":""},"categories":[14,9],"tags":[],"class_list":["post-8558","post","type-post","status-publish","format-standard","has-post-thumbnail","hentry","category-destacadas","category-morelia"],"_links":{"self":[{"href":"https:\/\/radiowebmx.com\/nota\/wp-json\/wp\/v2\/posts\/8558","targetHints":{"allow":["GET"]}}],"collection":[{"href":"https:\/\/radiowebmx.com\/nota\/wp-json\/wp\/v2\/posts"}],"about":[{"href":"https:\/\/radiowebmx.com\/nota\/wp-json\/wp\/v2\/types\/post"}],"author":[{"embeddable":true,"href":"https:\/\/radiowebmx.com\/nota\/wp-json\/wp\/v2\/users\/1"}],"replies":[{"embeddable":true,"href":"https:\/\/radiowebmx.com\/nota\/wp-json\/wp\/v2\/comments?post=8558"}],"version-history":[{"count":2,"href":"https:\/\/radiowebmx.com\/nota\/wp-json\/wp\/v2\/posts\/8558\/revisions"}],"predecessor-version":[{"id":8561,"href":"https:\/\/radiowebmx.com\/nota\/wp-json\/wp\/v2\/posts\/8558\/revisions\/8561"}],"wp:featuredmedia":[{"embeddable":true,"href":"https:\/\/radiowebmx.com\/nota\/wp-json\/wp\/v2\/media\/8559"}],"wp:attachment":[{"href":"https:\/\/radiowebmx.com\/nota\/wp-json\/wp\/v2\/media?parent=8558"}],"wp:term":[{"taxonomy":"category","embeddable":true,"href":"https:\/\/radiowebmx.com\/nota\/wp-json\/wp\/v2\/categories?post=8558"},{"taxonomy":"post_tag","embeddable":true,"href":"https:\/\/radiowebmx.com\/nota\/wp-json\/wp\/v2\/tags?post=8558"}],"curies":[{"name":"wp","href":"https:\/\/api.w.org\/{rel}","templated":true}]}}