{"id":8538,"date":"2014-07-15T19:52:30","date_gmt":"2014-07-16T00:52:30","guid":{"rendered":"https:\/\/radiowebmx.com\/nota\/?p=8538"},"modified":"2014-07-16T10:54:54","modified_gmt":"2014-07-16T15:54:54","slug":"arranca-la-semana-de-la-moda-en-morelia%e2%80%8f","status":"publish","type":"post","link":"https:\/\/radiowebmx.com\/nota\/arranca-la-semana-de-la-moda-en-morelia%e2%80%8f\/","title":{"rendered":"Arranca la Semana de la Moda en Morelia\u200f"},"content":{"rendered":"<div id=\"c_base\">\n<div id=\"c_content\">\n<div id=\"pageContent\">\n<div id=\"pageInbox\">\n<div id=\"inboxControl0f\">\n<div data-link=\"class{:~tag.contentRightClass(Layout.IsFullView, Layout.ReadingPaneMode)}\">\n<div>\n<div id=\"inboxControl0fv-ReadMessageContainer\" tabindex=\"-1\">\n<div data-link=\"class{readMessageClass: ~tag.Show}\">\n<div>\n<div id=\"readMessagePartControl695f\" data-link=\"class{:~tag.getHeaderCssClass(IsConversationPart, IsRead, IsDraft, IsTrustedSender, Items.length)}\">\n<div data-link=\"class{getClass:IsBodyExpanded}\">\n<div>\n<div id=\"bodyreadMessagePartBodyControl700f\" data-link=\"class{:~tag.cssClasses(PlainText, IsContentFiltered)}\">\n<div dir=\"ltr\">\n<p><a href=\"https:\/\/radiowebmx.com\/nota\/wp-content\/uploads\/2014\/07\/DSC_0173.jpg\"><img loading=\"lazy\" decoding=\"async\" class=\"alignleft size-full wp-image-8539\" alt=\"DSC_0173\" src=\"https:\/\/radiowebmx.com\/nota\/wp-content\/uploads\/2014\/07\/DSC_0173.jpg\" width=\"591\" height=\"282\" srcset=\"https:\/\/radiowebmx.com\/nota\/wp-content\/uploads\/2014\/07\/DSC_0173.jpg 591w, https:\/\/radiowebmx.com\/nota\/wp-content\/uploads\/2014\/07\/DSC_0173-300x143.jpg 300w\" sizes=\"auto, (max-width: 591px) 100vw, 591px\" \/><\/a>El presidente municipal de Morelia, Wilfrido L\u00e1zaro Medina y su esposa Margarita Oribio de L\u00e1zaro asistieron al arranque de la Semana de la Moda, escaparate que permitir\u00e1 a j\u00f3venes morelianos mostrar su talento en esta faceta, modelando vestuarios de dise\u00f1adores michoacanos que han proyectado al mundo, a trav\u00e9s de su trabajo, a la capital michoacana.<\/p>\n<p>&nbsp;<\/p>\n<p>En una pasarela que tuvo como escenario el m\u00edstico Callej\u00f3n del Romance, mujeres y hombres j\u00f3venes, llenaron de glamour este lugar cultural y de tradici\u00f3n, exhibiendo vestidos casuales, de noche, de coctel, juveniles y trajes sastre de gran elegancia.<\/p>\n<p>&nbsp;<\/p>\n<p>Al dar el arranque oficial de la Semana de la Moda, el presidente Wilfrido L\u00e1zaro Medina celebr\u00f3 la determinaci\u00f3n de los dise\u00f1adores como Osvaldo Serrato, director de Hossmodels, de realizar este tipo de eventos, que asegur\u00f3 \u201cgustan mucho a las familias\u201d.<\/p>\n<p>&nbsp;<\/p>\n<p>Cobijados por una distinguida tienda departamental, el evento logr\u00f3 el \u00e9xito y la atenci\u00f3n de todos los asistentes que desde sus lugares eligieron los dise\u00f1os de su gusto particular, aplaudiendo en todo momento el talento de las y los modelos que recorrieron con estilo y elegancia en Callej\u00f3n del Romance.<\/p>\n<p>&nbsp;<\/p>\n<p>La Semana de la Moda tomar\u00e1 cada d\u00eda un sitio hist\u00f3rico y cultural diferente en el Centro de la Ciudad, a fin de resaltar la belleza de Morelia a trav\u00e9s de la pasarela de moda. Para este mi\u00e9rcoles, la cita es en la Calzada Fray Antonio de San Miguel.<\/p>\n<p>&nbsp;<\/p>\n<p>En el evento art\u00edstico se cont\u00f3 adem\u00e1s con la asistencia de la regidora Marbella Romero, el Secretario de Turismo Municipal, Enrique Rivera Ruiz y el director de Cultura del Ayuntamiento, Jos\u00e9 Mart\u00ednez.<\/p>\n<\/div>\n<\/div>\n<\/div>\n<\/div>\n<\/div>\n<\/div>\n<\/div>\n<\/div>\n<\/div>\n<div><\/div>\n<\/div>\n<\/div>\n<\/div>\n<\/div>\n<\/div>\n<\/div>\n","protected":false},"excerpt":{"rendered":"<p>El presidente municipal de Morelia, Wilfrido L\u00e1zaro Medina y su esposa Margarita Oribio de L\u00e1zaro asistieron al arranque de la Semana de la Moda, escaparate que permitir\u00e1 a j\u00f3venes morelianos mostrar su talento en esta faceta, modelando vestuarios de dise\u00f1adores michoacanos que han proyectado al mundo, <\/p>\n","protected":false},"author":1,"featured_media":8539,"comment_status":"open","ping_status":"open","sticky":false,"template":"","format":"standard","meta":{"footnotes":""},"categories":[14,9],"tags":[],"class_list":["post-8538","post","type-post","status-publish","format-standard","has-post-thumbnail","hentry","category-destacadas","category-morelia"],"_links":{"self":[{"href":"https:\/\/radiowebmx.com\/nota\/wp-json\/wp\/v2\/posts\/8538","targetHints":{"allow":["GET"]}}],"collection":[{"href":"https:\/\/radiowebmx.com\/nota\/wp-json\/wp\/v2\/posts"}],"about":[{"href":"https:\/\/radiowebmx.com\/nota\/wp-json\/wp\/v2\/types\/post"}],"author":[{"embeddable":true,"href":"https:\/\/radiowebmx.com\/nota\/wp-json\/wp\/v2\/users\/1"}],"replies":[{"embeddable":true,"href":"https:\/\/radiowebmx.com\/nota\/wp-json\/wp\/v2\/comments?post=8538"}],"version-history":[{"count":1,"href":"https:\/\/radiowebmx.com\/nota\/wp-json\/wp\/v2\/posts\/8538\/revisions"}],"predecessor-version":[{"id":8540,"href":"https:\/\/radiowebmx.com\/nota\/wp-json\/wp\/v2\/posts\/8538\/revisions\/8540"}],"wp:featuredmedia":[{"embeddable":true,"href":"https:\/\/radiowebmx.com\/nota\/wp-json\/wp\/v2\/media\/8539"}],"wp:attachment":[{"href":"https:\/\/radiowebmx.com\/nota\/wp-json\/wp\/v2\/media?parent=8538"}],"wp:term":[{"taxonomy":"category","embeddable":true,"href":"https:\/\/radiowebmx.com\/nota\/wp-json\/wp\/v2\/categories?post=8538"},{"taxonomy":"post_tag","embeddable":true,"href":"https:\/\/radiowebmx.com\/nota\/wp-json\/wp\/v2\/tags?post=8538"}],"curies":[{"name":"wp","href":"https:\/\/api.w.org\/{rel}","templated":true}]}}