{"id":8531,"date":"2014-07-16T10:51:37","date_gmt":"2014-07-16T15:51:37","guid":{"rendered":"https:\/\/radiowebmx.com\/nota\/?p=8531"},"modified":"2014-07-16T10:52:24","modified_gmt":"2014-07-16T15:52:24","slug":"dif-morelia-inaugura-cursos-de-verano-en-centro-pamar","status":"publish","type":"post","link":"https:\/\/radiowebmx.com\/nota\/dif-morelia-inaugura-cursos-de-verano-en-centro-pamar\/","title":{"rendered":"DIF Morelia inaugura cursos de Verano en Centro PAMAR."},"content":{"rendered":"<p><a href=\"https:\/\/radiowebmx.com\/nota\/wp-content\/uploads\/2014\/07\/image-16.jpeg\"><img loading=\"lazy\" decoding=\"async\" class=\"alignleft size-full wp-image-8535\" alt=\"image (16)\" src=\"https:\/\/radiowebmx.com\/nota\/wp-content\/uploads\/2014\/07\/image-16.jpeg\" width=\"591\" height=\"308\" srcset=\"https:\/\/radiowebmx.com\/nota\/wp-content\/uploads\/2014\/07\/image-16.jpeg 591w, https:\/\/radiowebmx.com\/nota\/wp-content\/uploads\/2014\/07\/image-16-300x156.jpeg 300w\" sizes=\"auto, (max-width: 591px) 100vw, 591px\" \/><\/a>El Ayuntamiento de Morelia, que encabeza \u00a0Wilfrido L\u00e1zaro Medina y el DIF Municipal que preside Maggy Oribio de L\u00e1zaro, a trav\u00e9s de Casa MECED y Centro PAMAR arrancaron \u00a0los cursos de verano 2014.<\/p>\n<p>El Director del DIF Municipal Carlos Hern\u00e1ndez, fue el encargado de dar la bienvenida de \u00a0inauguraci\u00f3n a estos cursos de verano, que brindar\u00e1 a los menores de la colonia Ampliaci\u00f3n las Margaritas y colonias circunvecinas, diversas actividades recreativas y educativas este periodo vacacional.<\/p>\n<p>Este curso consta de cuatro talleres, Lectura Bunko Papalote, la cual es una estrategia de aprender jugando, Regularizaci\u00f3n en Matem\u00e1ticas para ni\u00f1os de primero a sexto grado de primaria, habilidades f\u00edsicas as\u00ed como diferentes disciplinas en el deporte y Manualidades.<\/p>\n<p>Las actividades iniciaron \u00a0el 15 de julio y concluyen el d\u00eda 8 de agosto, en un horario de 10:00 a 12:30 horas de lunes a viernes.<\/p>\n<p>Asimismo el director del DIF Morelia entreg\u00f3 certificados de terminaci\u00f3n de estudios a dos j\u00f3venes que fueron apoyadas para concluir sus de nivel secundaria.<\/p>\n","protected":false},"excerpt":{"rendered":"<p>El Ayuntamiento de Morelia, que encabeza  Wilfrido L\u00e1zaro Medina y el DIF Municipal que preside Maggy Oribio de L\u00e1zaro, a trav\u00e9s de Casa MECED y Centro PAMAR arrancaron  los cursos de verano 2014.<\/p>\n","protected":false},"author":1,"featured_media":8535,"comment_status":"open","ping_status":"open","sticky":false,"template":"","format":"standard","meta":{"footnotes":""},"categories":[14,9],"tags":[],"class_list":["post-8531","post","type-post","status-publish","format-standard","has-post-thumbnail","hentry","category-destacadas","category-morelia"],"_links":{"self":[{"href":"https:\/\/radiowebmx.com\/nota\/wp-json\/wp\/v2\/posts\/8531","targetHints":{"allow":["GET"]}}],"collection":[{"href":"https:\/\/radiowebmx.com\/nota\/wp-json\/wp\/v2\/posts"}],"about":[{"href":"https:\/\/radiowebmx.com\/nota\/wp-json\/wp\/v2\/types\/post"}],"author":[{"embeddable":true,"href":"https:\/\/radiowebmx.com\/nota\/wp-json\/wp\/v2\/users\/1"}],"replies":[{"embeddable":true,"href":"https:\/\/radiowebmx.com\/nota\/wp-json\/wp\/v2\/comments?post=8531"}],"version-history":[{"count":2,"href":"https:\/\/radiowebmx.com\/nota\/wp-json\/wp\/v2\/posts\/8531\/revisions"}],"predecessor-version":[{"id":8537,"href":"https:\/\/radiowebmx.com\/nota\/wp-json\/wp\/v2\/posts\/8531\/revisions\/8537"}],"wp:featuredmedia":[{"embeddable":true,"href":"https:\/\/radiowebmx.com\/nota\/wp-json\/wp\/v2\/media\/8535"}],"wp:attachment":[{"href":"https:\/\/radiowebmx.com\/nota\/wp-json\/wp\/v2\/media?parent=8531"}],"wp:term":[{"taxonomy":"category","embeddable":true,"href":"https:\/\/radiowebmx.com\/nota\/wp-json\/wp\/v2\/categories?post=8531"},{"taxonomy":"post_tag","embeddable":true,"href":"https:\/\/radiowebmx.com\/nota\/wp-json\/wp\/v2\/tags?post=8531"}],"curies":[{"name":"wp","href":"https:\/\/api.w.org\/{rel}","templated":true}]}}