{"id":8530,"date":"2014-07-16T10:38:30","date_gmt":"2014-07-16T15:38:30","guid":{"rendered":"https:\/\/radiowebmx.com\/nota\/?p=8530"},"modified":"2014-07-16T10:38:30","modified_gmt":"2014-07-16T15:38:30","slug":"accion-nacional-no-busca-numero-en-el-padron-sino-calidad-en-la-militancia-madero","status":"publish","type":"post","link":"https:\/\/radiowebmx.com\/nota\/accion-nacional-no-busca-numero-en-el-padron-sino-calidad-en-la-militancia-madero\/","title":{"rendered":"Acci\u00f3n Nacional no busca n\u00famero en el padr\u00f3n, sino calidad en la militancia: Madero"},"content":{"rendered":"<p><img loading=\"lazy\" decoding=\"async\" class=\"alignleft size-full wp-image-8532\" alt=\"image002\" src=\"https:\/\/radiowebmx.com\/nota\/wp-content\/uploads\/2014\/07\/image002.jpg\" width=\"591\" height=\"288\" srcset=\"https:\/\/radiowebmx.com\/nota\/wp-content\/uploads\/2014\/07\/image002.jpg 591w, https:\/\/radiowebmx.com\/nota\/wp-content\/uploads\/2014\/07\/image002-300x146.jpg 300w\" sizes=\"auto, (max-width: 591px) 100vw, 591px\" \/><\/p>\n<p>El Presidente Nacional del PAN, Gustavo Madero Mu\u00f1oz, les pidi\u00f3 a los 32 Secretarios de Formaci\u00f3n que busquen en la afiliaci\u00f3n de militantes un control de calidad, porque Acci\u00f3n Nacional no quiere n\u00fameros en su padr\u00f3n, sino buenos cuadros con formaci\u00f3n en valores y principios.<\/p>\n<p>&nbsp;<\/p>\n<p>Tras exponer que en este momento el PAN cuenta con poco menos de 500 mil miembros activos, Madero Mu\u00f1oz destac\u00f3 que el PAN no aspira a tener millones de militantes, porque es un modelo de partido no corporativo ni clientelar.<\/p>\n<p>&nbsp;<\/p>\n<p>&#8220;Los pa\u00edses en el mundo y las organizaciones se distinguen por el valor agregado, el capital humano que tienen. Si nosotros tenemos gente preparada, capacitada y con principios ya logramos el triunfo de nuestro partido, acercarnos a los ciudadanos con buenos ejemplos y quien llegue a ser gobernante o legisladores van a llevar la garant\u00eda de tener tatuados los valores y principios de Acci\u00f3n Nacional&#8221;.<\/p>\n<p>&nbsp;<\/p>\n<p>Acompa\u00f1ado por la secretaria de Formaci\u00f3n, Teresa Jim\u00e9nez Esquivel, el Dirigente Nacional asegur\u00f3 que los votos en una elecci\u00f3n no se miden por el n\u00famero de afiliados y el mejor ejemplo son las \u00faltimas tres elecciones de 2000, 2006 y 2012.<\/p>\n<p>&nbsp;<\/p>\n<p>En un comparativo, explic\u00f3 que en el 2000 hab\u00eda 400 mil panistas y se gan\u00f3 la Presidencia de la Rep\u00fablica con un margen de 44% de los votos; en el 2006 el padr\u00f3n creci\u00f3 a 1 mill\u00f3n de afiliados y Felipe Calder\u00f3n gan\u00f3 la Presidencia con 36%; pero en 2012 se perdi\u00f3 con 25% a pesar de que Acci\u00f3n Nacional contaba con 1 mill\u00f3n 800 mil panistas en el padr\u00f3n.<\/p>\n<p>&nbsp;<\/p>\n<p>Acci\u00f3n Nacional, dijo Madero, es un partido distinto y no se encuentra ah\u00ed su fortaleza. Mientras que el PRI y el PRD son partidos corporativos y clientelares que buscan afiliaciones masivas.<\/p>\n<p>&nbsp;<\/p>\n<p>Manifest\u00f3 que a pesar de que el a\u00f1o pasado ya se hab\u00eda realizado la depuraci\u00f3n del padr\u00f3n, en la elecci\u00f3n en 14 entidades el PAN fue el \u00fanico partido que creci\u00f3 en 35% en poblaci\u00f3n gobernada, se ganaron 5 capitales, la \u00fanica gubernatura en disputa y se creci\u00f3 en diputaciones locales.<\/p>\n<p>&nbsp;<\/p>\n<p>Finalmente, el Presidente del PAN destac\u00f3 que despu\u00e9s de la Reforma de Estatutos y el Refrendo, donde se depur\u00f3 el padr\u00f3n, los panistas tienen que experimentar un nuevo modelo donde ser\u00e1 f\u00e1cil la entrada a las filas del partido, pero dif\u00edcil la permanencia.<\/p>\n<p>&nbsp;<\/p>\n<p>Esto quiere decir que para lograr el refrendo por lo menos una vez al a\u00f1o deben capacitarse, dar cursos, ser representantes de casilla o participar en algunas de las actividades que organizar\u00e1n los Comit\u00e9s Directivos Estatales.<\/p>\n<p>&nbsp;<\/p>\n<p>\u201cEsto nos permitir\u00e1 tener un padr\u00f3n de carne y hueso, no listas de nombres, de bases de datos que se acumulan, sino de gente que sigue en los hechos refrendando y actualizando su participaci\u00f3n en el PAN\u201d.<\/p>\n","protected":false},"excerpt":{"rendered":"<p>El Presidente Nacional del PAN, Gustavo Madero Mu\u00f1oz, les pidi\u00f3 a los 32 Secretarios de Formaci\u00f3n que busquen en la afiliaci\u00f3n de militantes un control de calidad, porque Acci\u00f3n Nacional no quiere n\u00fameros en su padr\u00f3n, sino buenos cuadros con formaci\u00f3n en valores y principios.<\/p>\n","protected":false},"author":1,"featured_media":8532,"comment_status":"open","ping_status":"open","sticky":false,"template":"","format":"standard","meta":{"footnotes":""},"categories":[14,3],"tags":[],"class_list":["post-8530","post","type-post","status-publish","format-standard","has-post-thumbnail","hentry","category-destacadas","category-gobierno-del-estado-de-michoacan"],"_links":{"self":[{"href":"https:\/\/radiowebmx.com\/nota\/wp-json\/wp\/v2\/posts\/8530","targetHints":{"allow":["GET"]}}],"collection":[{"href":"https:\/\/radiowebmx.com\/nota\/wp-json\/wp\/v2\/posts"}],"about":[{"href":"https:\/\/radiowebmx.com\/nota\/wp-json\/wp\/v2\/types\/post"}],"author":[{"embeddable":true,"href":"https:\/\/radiowebmx.com\/nota\/wp-json\/wp\/v2\/users\/1"}],"replies":[{"embeddable":true,"href":"https:\/\/radiowebmx.com\/nota\/wp-json\/wp\/v2\/comments?post=8530"}],"version-history":[{"count":1,"href":"https:\/\/radiowebmx.com\/nota\/wp-json\/wp\/v2\/posts\/8530\/revisions"}],"predecessor-version":[{"id":8533,"href":"https:\/\/radiowebmx.com\/nota\/wp-json\/wp\/v2\/posts\/8530\/revisions\/8533"}],"wp:featuredmedia":[{"embeddable":true,"href":"https:\/\/radiowebmx.com\/nota\/wp-json\/wp\/v2\/media\/8532"}],"wp:attachment":[{"href":"https:\/\/radiowebmx.com\/nota\/wp-json\/wp\/v2\/media?parent=8530"}],"wp:term":[{"taxonomy":"category","embeddable":true,"href":"https:\/\/radiowebmx.com\/nota\/wp-json\/wp\/v2\/categories?post=8530"},{"taxonomy":"post_tag","embeddable":true,"href":"https:\/\/radiowebmx.com\/nota\/wp-json\/wp\/v2\/tags?post=8530"}],"curies":[{"name":"wp","href":"https:\/\/api.w.org\/{rel}","templated":true}]}}