{"id":8527,"date":"2014-07-16T10:35:20","date_gmt":"2014-07-16T15:35:20","guid":{"rendered":"https:\/\/radiowebmx.com\/nota\/?p=8527"},"modified":"2014-07-16T10:35:20","modified_gmt":"2014-07-16T15:35:20","slug":"cierran-filas-gobiernos-estatal-y-federal-en-proteccion-a-los-derechos-de-los-ninos","status":"publish","type":"post","link":"https:\/\/radiowebmx.com\/nota\/cierran-filas-gobiernos-estatal-y-federal-en-proteccion-a-los-derechos-de-los-ninos\/","title":{"rendered":"CIERRAN FILAS GOBIERNOS ESTATAL Y FEDERAL EN PROTECCI\u00d3N A LOS DERECHOS DE LOS NI\u00d1OS"},"content":{"rendered":"<p><a href=\"https:\/\/radiowebmx.com\/nota\/wp-content\/uploads\/2014\/07\/SJG-2.jpg\"><img loading=\"lazy\" decoding=\"async\" class=\"alignleft size-full wp-image-8528\" alt=\"SJG (2)\" src=\"https:\/\/radiowebmx.com\/nota\/wp-content\/uploads\/2014\/07\/SJG-2.jpg\" width=\"591\" height=\"257\" srcset=\"https:\/\/radiowebmx.com\/nota\/wp-content\/uploads\/2014\/07\/SJG-2.jpg 591w, https:\/\/radiowebmx.com\/nota\/wp-content\/uploads\/2014\/07\/SJG-2-300x130.jpg 300w\" sizes=\"auto, (max-width: 591px) 100vw, 591px\" \/><\/a>El gobierno de Michoac\u00e1n, coadyuvar\u00e1 en todo momento, en el \u00e1mbito de su competencia, con las acciones emprendidas por las autoridades federales en la Casa Hogar \u201cLa Gran Familia\u201d en Zamora, a fin de salvaguardar la integridad de los m\u00e1s de 500 menores que ah\u00ed se encontraban y garantizar la protecci\u00f3n de sus derechos.<\/p>\n<p>El gobernador del estado,\u00a0 Salvador\u00a0 Jara Guerrero,\u00a0 instruy\u00f3 desde temprana hora al secretario de Gobierno, Jaime Dar\u00edo Oseguera M\u00e9ndez para que\u00a0 se mantuviera en contacto permanente con la Procuradur\u00eda General de la Rep\u00fablica, para atender cualquier solicitud de colaboraci\u00f3n en esta diligencia, iniciada tras recibirse m\u00e1s de 50 denuncias contra de los administradores del lugar.<\/p>\n<p>El Sistema DIF Michoac\u00e1n, en coordinaci\u00f3n con el DIF Nacional \u00a0brindar\u00e1n a los menores todo el apoyo necesario, para garantizarles las condiciones adecuadas, que les permitan alcanzar su desarrollo integral.<\/p>\n<p>El Gobierno del Estado respalda las acciones\u00a0que el Gobierno Federal lleve a cabo para cumplir con la responsabilidad\u00a0 de garantizar a los ni\u00f1os el respeto a los derechos fundamentales reconocidos en la Constituci\u00f3n.<\/p>\n","protected":false},"excerpt":{"rendered":"<p>El gobierno de Michoac\u00e1n, coadyuvar\u00e1 en todo momento, en el \u00e1mbito de su competencia, con las acciones emprendidas por las autoridades federales en la Casa Hogar \u201cLa Gran Familia\u201d en Zamora, a fin de salvaguardar la integridad de los m\u00e1s de 500 menores que ah\u00ed se encontraban y garantizar la protecci\u00f3n de sus derechos.<\/p>\n","protected":false},"author":1,"featured_media":8528,"comment_status":"open","ping_status":"open","sticky":false,"template":"","format":"standard","meta":{"footnotes":""},"categories":[14,3],"tags":[],"class_list":["post-8527","post","type-post","status-publish","format-standard","has-post-thumbnail","hentry","category-destacadas","category-gobierno-del-estado-de-michoacan"],"_links":{"self":[{"href":"https:\/\/radiowebmx.com\/nota\/wp-json\/wp\/v2\/posts\/8527","targetHints":{"allow":["GET"]}}],"collection":[{"href":"https:\/\/radiowebmx.com\/nota\/wp-json\/wp\/v2\/posts"}],"about":[{"href":"https:\/\/radiowebmx.com\/nota\/wp-json\/wp\/v2\/types\/post"}],"author":[{"embeddable":true,"href":"https:\/\/radiowebmx.com\/nota\/wp-json\/wp\/v2\/users\/1"}],"replies":[{"embeddable":true,"href":"https:\/\/radiowebmx.com\/nota\/wp-json\/wp\/v2\/comments?post=8527"}],"version-history":[{"count":1,"href":"https:\/\/radiowebmx.com\/nota\/wp-json\/wp\/v2\/posts\/8527\/revisions"}],"predecessor-version":[{"id":8529,"href":"https:\/\/radiowebmx.com\/nota\/wp-json\/wp\/v2\/posts\/8527\/revisions\/8529"}],"wp:featuredmedia":[{"embeddable":true,"href":"https:\/\/radiowebmx.com\/nota\/wp-json\/wp\/v2\/media\/8528"}],"wp:attachment":[{"href":"https:\/\/radiowebmx.com\/nota\/wp-json\/wp\/v2\/media?parent=8527"}],"wp:term":[{"taxonomy":"category","embeddable":true,"href":"https:\/\/radiowebmx.com\/nota\/wp-json\/wp\/v2\/categories?post=8527"},{"taxonomy":"post_tag","embeddable":true,"href":"https:\/\/radiowebmx.com\/nota\/wp-json\/wp\/v2\/tags?post=8527"}],"curies":[{"name":"wp","href":"https:\/\/api.w.org\/{rel}","templated":true}]}}