{"id":8516,"date":"2014-07-16T10:27:12","date_gmt":"2014-07-16T15:27:12","guid":{"rendered":"https:\/\/radiowebmx.com\/nota\/?p=8516"},"modified":"2014-07-16T10:27:30","modified_gmt":"2014-07-16T15:27:30","slug":"indispensable-la-aportacion-y-estudio-historico-de-nuestras-leyes-jose-sebastian-naranjo-blanco","status":"publish","type":"post","link":"https:\/\/radiowebmx.com\/nota\/indispensable-la-aportacion-y-estudio-historico-de-nuestras-leyes-jose-sebastian-naranjo-blanco\/","title":{"rendered":"Indispensable la aportaci\u00f3n y estudio hist\u00f3rico de nuestras leyes: Jos\u00e9 Sebasti\u00e1n Naranjo Blanco"},"content":{"rendered":"<p><a href=\"https:\/\/radiowebmx.com\/nota\/wp-content\/uploads\/2014\/07\/Dip.-Sebasti\u00e1n-Naranjo.jpg\"><img loading=\"lazy\" decoding=\"async\" class=\"alignleft size-full wp-image-8517\" alt=\"Dip. Sebasti\u00e1n Naranjo\" src=\"https:\/\/radiowebmx.com\/nota\/wp-content\/uploads\/2014\/07\/Dip.-Sebasti\u00e1n-Naranjo.jpg\" width=\"591\" height=\"348\" srcset=\"https:\/\/radiowebmx.com\/nota\/wp-content\/uploads\/2014\/07\/Dip.-Sebasti\u00e1n-Naranjo.jpg 591w, https:\/\/radiowebmx.com\/nota\/wp-content\/uploads\/2014\/07\/Dip.-Sebasti\u00e1n-Naranjo-300x176.jpg 300w\" sizes=\"auto, (max-width: 591px) 100vw, 591px\" \/><\/a>Con la intenci\u00f3n de fortalecer el conocimiento hist\u00f3rico de nuestro Estado, la Comisi\u00f3n de Puntos Constitucionales presidida por el diputado Jos\u00e9 Sebasti\u00e1n Naranjo Blanco, presentar\u00e1n el libro \u201cLa Defensa de la Constituci\u00f3n local en Michoac\u00e1n: De la influencia gaditana al proceso de judicializaci\u00f3n\u201d de la autor\u00eda de Francisco Ramos Quiroz, la cual se dar\u00e1 a conocer este pr\u00f3ximo mi\u00e9rcoles 16 de julio a las once horas, en el sal\u00f3n de Recepciones del Congreso del Estado.<\/p>\n<p>En entrevista, el legislador de extracci\u00f3n panista indic\u00f3 que esta obra resulta tras la colaboraci\u00f3n y suma de esfuerzos de la actual legislatura local, as\u00ed como de la Comisi\u00f3n de Puntos Constitucionales, la Universidad Michoacana de San Nicol\u00e1s de Hidalgo (UMSNH), el Doctorado Interinstitucional en Derecho y el Instituto de Investigaciones de Estudios Legislativos del Poder Legislativo en la entidad, con la intenci\u00f3n de enfocar una investigaci\u00f3n, as\u00ed como conocer el di\u00e1logo constante entre la\u00a0 historia y el derecho, lo cual nos permite tener una comprensi\u00f3n amplia de los puntos constitucionales de la actualidad, se\u00f1al\u00f3 Naranjo Blanco.<\/p>\n<p>Asimismo, Naranjo Blanco indic\u00f3 que la culminaci\u00f3n de esta obra acad\u00e9mica es una aportaci\u00f3n de suma importancia para el estudio hist\u00f3rico de nuestras leyes, el cual servir\u00e1 como un referente te\u00f3rico para los investigadores que se interesen en este tema tan trascendental para el Estado michoacano.<\/p>\n<p>Finalmente, mencion\u00f3 que el historiador Jaime Hern\u00e1ndez se\u00f1ala que actualmente se localizan mayores preocupaciones por parte de la historiograf\u00eda nacional y local que aborden esta tem\u00e1tica. \u201cLa obra recoge una reflexi\u00f3n seria, bien argumentada, as\u00ed como documentada que demuestra la posibilidad de que a partir de la investigaci\u00f3n hist\u00f3rico-jur\u00eddica se puede contribuir a conocer mejor el origen y la evoluci\u00f3n de nuestras instituciones en el \u00e1mbito del constitucionalismo local, que vendr\u00e1n a ser referente para la alcance de los logros de nuestra entidad\u201d, concluy\u00f3.<\/p>\n","protected":false},"excerpt":{"rendered":"<p>Con la intenci\u00f3n de fortalecer el conocimiento hist\u00f3rico de nuestro Estado, la Comisi\u00f3n de Puntos Constitucionales presidida por el diputado Jos\u00e9 Sebasti\u00e1n Naranjo Blanco, presentar\u00e1n el libro \u201cLa Defensa de la Constituci\u00f3n local en Michoac\u00e1n:<\/p>\n","protected":false},"author":1,"featured_media":8517,"comment_status":"open","ping_status":"open","sticky":false,"template":"","format":"standard","meta":{"footnotes":""},"categories":[6,14,8],"tags":[],"class_list":["post-8516","post","type-post","status-publish","format-standard","has-post-thumbnail","hentry","category-congreso-del-estado","category-destacadas","category-grupo-parlamentario-del-pan"],"_links":{"self":[{"href":"https:\/\/radiowebmx.com\/nota\/wp-json\/wp\/v2\/posts\/8516","targetHints":{"allow":["GET"]}}],"collection":[{"href":"https:\/\/radiowebmx.com\/nota\/wp-json\/wp\/v2\/posts"}],"about":[{"href":"https:\/\/radiowebmx.com\/nota\/wp-json\/wp\/v2\/types\/post"}],"author":[{"embeddable":true,"href":"https:\/\/radiowebmx.com\/nota\/wp-json\/wp\/v2\/users\/1"}],"replies":[{"embeddable":true,"href":"https:\/\/radiowebmx.com\/nota\/wp-json\/wp\/v2\/comments?post=8516"}],"version-history":[{"count":2,"href":"https:\/\/radiowebmx.com\/nota\/wp-json\/wp\/v2\/posts\/8516\/revisions"}],"predecessor-version":[{"id":8519,"href":"https:\/\/radiowebmx.com\/nota\/wp-json\/wp\/v2\/posts\/8516\/revisions\/8519"}],"wp:featuredmedia":[{"embeddable":true,"href":"https:\/\/radiowebmx.com\/nota\/wp-json\/wp\/v2\/media\/8517"}],"wp:attachment":[{"href":"https:\/\/radiowebmx.com\/nota\/wp-json\/wp\/v2\/media?parent=8516"}],"wp:term":[{"taxonomy":"category","embeddable":true,"href":"https:\/\/radiowebmx.com\/nota\/wp-json\/wp\/v2\/categories?post=8516"},{"taxonomy":"post_tag","embeddable":true,"href":"https:\/\/radiowebmx.com\/nota\/wp-json\/wp\/v2\/tags?post=8516"}],"curies":[{"name":"wp","href":"https:\/\/api.w.org\/{rel}","templated":true}]}}