{"id":851,"date":"2013-01-16T13:16:18","date_gmt":"2013-01-16T19:16:18","guid":{"rendered":"https:\/\/radiowebmx.com\/nota\/?p=851"},"modified":"2013-01-16T13:16:18","modified_gmt":"2013-01-16T19:16:18","slug":"recorre-fausto-vallejo-el-centro-historico-de-morelia-y-convive-con-ciudadanos%e2%80%8f","status":"publish","type":"post","link":"https:\/\/radiowebmx.com\/nota\/recorre-fausto-vallejo-el-centro-historico-de-morelia-y-convive-con-ciudadanos%e2%80%8f\/","title":{"rendered":"RECORRE FAUSTO VALLEJO EL CENTRO HIST\u00d3RICO DE MORELIA Y CONVIVE CON CIUDADANOS\u200f"},"content":{"rendered":"<p>Al finalizar la Sesi\u00f3n Solemne de la LXXII Legislatura, en la que se declar\u00f3 la apertura del segundo a\u00f1o legislativo, el gobernador de Michoac\u00e1n, Fausto Vallejo Figueroa, camin\u00f3 por los portales del Centro Hist\u00f3rico de esta capital y convivi\u00f3 con periodistas y l\u00edderes de opini\u00f3n, adem\u00e1s de saludar a los ciudadanos que tambi\u00e9n se encontraban disfrutando de las calles de Morelia.<\/p>\n","protected":false},"excerpt":{"rendered":"<p>Al finalizar la Sesi\u00f3n Solemne de la LXXII Legislatura, en la que se declar\u00f3 la apertura del segundo a\u00f1o legislativo, el gobernador de Michoac\u00e1n, Fausto Vallejo Figueroa, camin\u00f3 por los portales del Centro Hist\u00f3rico de esta capital y convivi\u00f3 con periodistas y l\u00edderes de opini\u00f3n, adem\u00e1s de saludar a los ciudadanos que tambi\u00e9n se encontraban [&hellip;]<\/p>\n","protected":false},"author":1,"featured_media":0,"comment_status":"open","ping_status":"open","sticky":false,"template":"","format":"standard","meta":{"footnotes":""},"categories":[3],"tags":[],"class_list":["post-851","post","type-post","status-publish","format-standard","hentry","category-gobierno-del-estado-de-michoacan"],"_links":{"self":[{"href":"https:\/\/radiowebmx.com\/nota\/wp-json\/wp\/v2\/posts\/851","targetHints":{"allow":["GET"]}}],"collection":[{"href":"https:\/\/radiowebmx.com\/nota\/wp-json\/wp\/v2\/posts"}],"about":[{"href":"https:\/\/radiowebmx.com\/nota\/wp-json\/wp\/v2\/types\/post"}],"author":[{"embeddable":true,"href":"https:\/\/radiowebmx.com\/nota\/wp-json\/wp\/v2\/users\/1"}],"replies":[{"embeddable":true,"href":"https:\/\/radiowebmx.com\/nota\/wp-json\/wp\/v2\/comments?post=851"}],"version-history":[{"count":1,"href":"https:\/\/radiowebmx.com\/nota\/wp-json\/wp\/v2\/posts\/851\/revisions"}],"predecessor-version":[{"id":852,"href":"https:\/\/radiowebmx.com\/nota\/wp-json\/wp\/v2\/posts\/851\/revisions\/852"}],"wp:attachment":[{"href":"https:\/\/radiowebmx.com\/nota\/wp-json\/wp\/v2\/media?parent=851"}],"wp:term":[{"taxonomy":"category","embeddable":true,"href":"https:\/\/radiowebmx.com\/nota\/wp-json\/wp\/v2\/categories?post=851"},{"taxonomy":"post_tag","embeddable":true,"href":"https:\/\/radiowebmx.com\/nota\/wp-json\/wp\/v2\/tags?post=851"}],"curies":[{"name":"wp","href":"https:\/\/api.w.org\/{rel}","templated":true}]}}