{"id":8509,"date":"2014-07-16T10:20:28","date_gmt":"2014-07-16T15:20:28","guid":{"rendered":"https:\/\/radiowebmx.com\/nota\/?p=8509"},"modified":"2014-07-16T10:20:28","modified_gmt":"2014-07-16T15:20:28","slug":"zinapecuaro-se-viste-de-fiesta","status":"publish","type":"post","link":"https:\/\/radiowebmx.com\/nota\/zinapecuaro-se-viste-de-fiesta\/","title":{"rendered":"ZINAP\u00c9CUARO SE VISTE DE FIESTA"},"content":{"rendered":"<p><a href=\"https:\/\/radiowebmx.com\/nota\/wp-content\/uploads\/2014\/07\/DSC_2829.jpg\"><img loading=\"lazy\" decoding=\"async\" class=\"alignleft size-full wp-image-8510\" alt=\"DSC_2829\" src=\"https:\/\/radiowebmx.com\/nota\/wp-content\/uploads\/2014\/07\/DSC_2829.jpg\" width=\"591\" height=\"321\" srcset=\"https:\/\/radiowebmx.com\/nota\/wp-content\/uploads\/2014\/07\/DSC_2829.jpg 591w, https:\/\/radiowebmx.com\/nota\/wp-content\/uploads\/2014\/07\/DSC_2829-300x162.jpg 300w\" sizes=\"auto, (max-width: 591px) 100vw, 591px\" \/><\/a>La riqueza frut\u00edcola de Michoac\u00e1n se manifestar\u00e1 en Jer\u00e1huaro y Ucareo, Tenencias del municipio de Zinap\u00e9cuaro, que en pr\u00f3ximas fechas llevar\u00e1n a cabo sus Ferias en donde los visitantes podr\u00e1n encontrar exposiciones de fruta, cultura y artesan\u00eda; inform\u00f3 en rueda de prensa Zeus Rodr\u00edguez Miranda, director general de la Comisi\u00f3n de Ferias, Exposiciones y Eventos del Estado de Michoac\u00e1n (COFEEEM).<\/p>\n<p>En este sentido, Dagoberto Mej\u00eda Valdez, presidente municipal de Zinap\u00e9cuaro, invit\u00f3 a todas y todos los michoacanos a ser part\u00edcipes de las fiestas locales, para \u201cdemostrar que Michoac\u00e1n cuenta con un rostro de cultura, tradici\u00f3n y gente de trabajo\u201d.<\/p>\n<p>Destac\u00f3 que en Jer\u00e1huaro se llevar\u00e1 a cabo una exposici\u00f3n frut\u00edcola, cultural y artesanal del 20 al 27 de julio, en la Plaza Principal, cuya edici\u00f3n es la n\u00famero XXVIII.<\/p>\n<p>En la semana que dura la Feria, 15 fruticultores brindar\u00e1n exposici\u00f3n, degustaci\u00f3n y venta de las ricas frutas que se cosechan en la regi\u00f3n, como son el durazno, ciruela, manzana pera, higo, membrillo, tejocote, capul\u00edn, etc\u00e9tera, ya sea frescas o en alm\u00edbar y licores, los cuales son elaborados de manera artesanal por las familias del lugar.<\/p>\n<p>De igual manera dio a conocer que Ucareo prepara su XXXVIII Feria de la Pera, la cual tendr\u00e1 lugar del 27 de julio al 3 de agosto, en la Plaza Principal de dicha localidad; misma que ofrecer\u00e1 a los visitantes venta y degustaci\u00f3n de licores de frutas, alm\u00edbares y ates, principalmente; adem\u00e1s de frutos como son pera, durazno,\u00a0 ciruela, chabacano, capul\u00edn, manzana, membrillo, tejocote y otros, adem\u00e1s de derivados de caf\u00e9, guayaba o zarzamora.<\/p>\n<p>Dagoberto Mej\u00eda Valdez, recalc\u00f3 que en Ucareo cerca de 500 Fruticultores son los que se dedican a la producci\u00f3n, principalmente de pera, mismos que generan de 18 mil a 20 mil toneladas anuales, que se env\u00edan a empresas como Jumex, Valle Redondo y Freeport; adem\u00e1s del durazno y la ciruela que tambi\u00e9n se comercializan en los estados de Aguascalientes, Guanajuato, Jalisco y de M\u00e9xico, por mencionar algunos.<\/p>\n<p>La Feria de la Pera tendr\u00e1 tambi\u00e9n su desfile tradicional de tractores aleg\u00f3ricos, la coronaci\u00f3n de Reina, artesan\u00edas, exposici\u00f3n de pinturas y fotograf\u00edas, eventos culturales en el teatro del pueblo as\u00ed como eventos deportivos.<\/p>\n<p>Ambas ferias estar\u00e1n llenas de cultura y tradici\u00f3n, por lo que se espera contar con la asistencia aproximada de 5 mil personas que dejar\u00e1n una derrama econ\u00f3mica de alrededor de un mill\u00f3n y medio de pesos.<b><i><\/i><\/b><\/p>\n","protected":false},"excerpt":{"rendered":"<p>La riqueza frut\u00edcola de Michoac\u00e1n se manifestar\u00e1 en Jer\u00e1huaro y Ucareo, Tenencias del municipio de Zinap\u00e9cuaro, que en pr\u00f3ximas fechas llevar\u00e1n a cabo sus Ferias en donde los visitantes podr\u00e1n encontrar exposiciones de fruta<\/p>\n","protected":false},"author":1,"featured_media":8510,"comment_status":"open","ping_status":"open","sticky":false,"template":"","format":"standard","meta":{"footnotes":""},"categories":[14,3],"tags":[],"class_list":["post-8509","post","type-post","status-publish","format-standard","has-post-thumbnail","hentry","category-destacadas","category-gobierno-del-estado-de-michoacan"],"_links":{"self":[{"href":"https:\/\/radiowebmx.com\/nota\/wp-json\/wp\/v2\/posts\/8509","targetHints":{"allow":["GET"]}}],"collection":[{"href":"https:\/\/radiowebmx.com\/nota\/wp-json\/wp\/v2\/posts"}],"about":[{"href":"https:\/\/radiowebmx.com\/nota\/wp-json\/wp\/v2\/types\/post"}],"author":[{"embeddable":true,"href":"https:\/\/radiowebmx.com\/nota\/wp-json\/wp\/v2\/users\/1"}],"replies":[{"embeddable":true,"href":"https:\/\/radiowebmx.com\/nota\/wp-json\/wp\/v2\/comments?post=8509"}],"version-history":[{"count":1,"href":"https:\/\/radiowebmx.com\/nota\/wp-json\/wp\/v2\/posts\/8509\/revisions"}],"predecessor-version":[{"id":8511,"href":"https:\/\/radiowebmx.com\/nota\/wp-json\/wp\/v2\/posts\/8509\/revisions\/8511"}],"wp:featuredmedia":[{"embeddable":true,"href":"https:\/\/radiowebmx.com\/nota\/wp-json\/wp\/v2\/media\/8510"}],"wp:attachment":[{"href":"https:\/\/radiowebmx.com\/nota\/wp-json\/wp\/v2\/media?parent=8509"}],"wp:term":[{"taxonomy":"category","embeddable":true,"href":"https:\/\/radiowebmx.com\/nota\/wp-json\/wp\/v2\/categories?post=8509"},{"taxonomy":"post_tag","embeddable":true,"href":"https:\/\/radiowebmx.com\/nota\/wp-json\/wp\/v2\/tags?post=8509"}],"curies":[{"name":"wp","href":"https:\/\/api.w.org\/{rel}","templated":true}]}}