{"id":8501,"date":"2014-07-15T12:14:19","date_gmt":"2014-07-15T17:14:19","guid":{"rendered":"https:\/\/radiowebmx.com\/nota\/?p=8501"},"modified":"2014-07-15T12:14:19","modified_gmt":"2014-07-15T17:14:19","slug":"arranca-el-curso-de-verano-azoomate-del-zoologico-de-morelia","status":"publish","type":"post","link":"https:\/\/radiowebmx.com\/nota\/arranca-el-curso-de-verano-azoomate-del-zoologico-de-morelia\/","title":{"rendered":"ARRANCA EL CURSO DE VERANO \u201cAZOOMATE\u201d  DEL ZOOL\u00d3GICO DE MORELIA"},"content":{"rendered":"<p><a href=\"https:\/\/radiowebmx.com\/nota\/wp-content\/uploads\/2014\/07\/DSC_0050.jpg\"><img loading=\"lazy\" decoding=\"async\" class=\"alignleft size-full wp-image-8502\" alt=\"DSC_0050\" src=\"https:\/\/radiowebmx.com\/nota\/wp-content\/uploads\/2014\/07\/DSC_0050.jpg\" width=\"591\" height=\"317\" srcset=\"https:\/\/radiowebmx.com\/nota\/wp-content\/uploads\/2014\/07\/DSC_0050.jpg 591w, https:\/\/radiowebmx.com\/nota\/wp-content\/uploads\/2014\/07\/DSC_0050-300x160.jpg 300w\" sizes=\"auto, (max-width: 591px) 100vw, 591px\" \/><\/a>Este lunes inici\u00f3 el Curso de Verano 2014 \u201cAzoomate\u201d del Zool\u00f3gico de Morelia \u201cBenito Ju\u00e1rez\u201d, con el objetivo de que los 150 ni\u00f1os y ni\u00f1as inscritos aprendan sobre la fauna mediante pl\u00e1ticas, exposiciones, juegos, actividades recreativas y l\u00fadicas al aire libre, recibiendo una atenci\u00f3n especializada.<\/p>\n<p>El director general del Zool\u00f3gico de Morelia, Ezequiel Ch\u00e1vez S\u00e1nchez, dio la bienvenida a todos los peque\u00f1ines inscritos en el Curso de Verano y agradeci\u00f3 de manera especial a los padres de familia por la confianza depositada en esta instituci\u00f3n.<\/p>\n<p>\u201cQuiero agradecerles su confianza y preferencia, sabemos que sus ni\u00f1os son lo m\u00e1s valioso que tienen y aqu\u00ed en el Zool\u00f3gico nos aseguraremos de cuidarlos y transmitirles los conocimientos sobre el mundo animal, adem\u00e1s de fomentar la concientizaci\u00f3n para el cuidado del medio ambiente y el bienestar animal\u201d, destac\u00f3.<\/p>\n<p>Invit\u00f3 a los ni\u00f1os y ni\u00f1as a que se diviertan, aprendan y disfruten el curso \u201cAzoomate\u201d, dise\u00f1ado especialmente para ellos.<\/p>\n<p>Ch\u00e1vez S\u00e1nchez inform\u00f3 que se alcanz\u00f3 la meta de inscripci\u00f3n de 150 ni\u00f1as y ni\u00f1os de entre 5 y 13 a\u00f1os, quienes disfrutar\u00e1n de este maravilloso espacio, mismos que estar\u00e1n distribuidos en diferentes grupos de acuerdo a su edad; el grupo de \u201cB\u00fafalos\u201d es encabezado por Valent\u00edn Mart\u00ednez; los \u201cVenados\u201d comandado por Eduardo Alvarado y con los \u201cDragones\u201d estar\u00e1n al frente Yunu\u00e9n Ortiz, Lizeth Garc\u00eda y Sergio Dom\u00ednguez.<\/p>\n<p>Los infantes son atendidos por personal del \u00c1rea Educativa del Zool\u00f3gico de Morelia y de servicio social, quienes fueron capacitados con anticipaci\u00f3n para la realizaci\u00f3n de las actividades.<\/p>\n<p>Cabe destacar que este Curso de Verano tiene algo especial, ya que a\u00f1o con a\u00f1o se tiene muy buena respuesta de los ni\u00f1os para vivir la aventura en el Zool\u00f3gico de Morelia, con las diversas actividades que son preparadas especialmente para que los peque\u00f1os del hogar disfruten de sus vacaciones.<\/p>\n","protected":false},"excerpt":{"rendered":"<p>Este lunes inici\u00f3 el Curso de Verano 2014 \u201cAzoomate\u201d del Zool\u00f3gico de Morelia \u201cBenito Ju\u00e1rez\u201d, con el objetivo de que los 150 ni\u00f1os y ni\u00f1as inscritos aprendan sobre la fauna mediante pl\u00e1ticas, exposiciones, juegos, actividades recreativas y l\u00fadicas al aire libre, recibiendo una atenci\u00f3n especializada.<\/p>\n","protected":false},"author":1,"featured_media":8502,"comment_status":"open","ping_status":"open","sticky":false,"template":"","format":"standard","meta":{"footnotes":""},"categories":[14,3],"tags":[],"class_list":["post-8501","post","type-post","status-publish","format-standard","has-post-thumbnail","hentry","category-destacadas","category-gobierno-del-estado-de-michoacan"],"_links":{"self":[{"href":"https:\/\/radiowebmx.com\/nota\/wp-json\/wp\/v2\/posts\/8501","targetHints":{"allow":["GET"]}}],"collection":[{"href":"https:\/\/radiowebmx.com\/nota\/wp-json\/wp\/v2\/posts"}],"about":[{"href":"https:\/\/radiowebmx.com\/nota\/wp-json\/wp\/v2\/types\/post"}],"author":[{"embeddable":true,"href":"https:\/\/radiowebmx.com\/nota\/wp-json\/wp\/v2\/users\/1"}],"replies":[{"embeddable":true,"href":"https:\/\/radiowebmx.com\/nota\/wp-json\/wp\/v2\/comments?post=8501"}],"version-history":[{"count":2,"href":"https:\/\/radiowebmx.com\/nota\/wp-json\/wp\/v2\/posts\/8501\/revisions"}],"predecessor-version":[{"id":8504,"href":"https:\/\/radiowebmx.com\/nota\/wp-json\/wp\/v2\/posts\/8501\/revisions\/8504"}],"wp:featuredmedia":[{"embeddable":true,"href":"https:\/\/radiowebmx.com\/nota\/wp-json\/wp\/v2\/media\/8502"}],"wp:attachment":[{"href":"https:\/\/radiowebmx.com\/nota\/wp-json\/wp\/v2\/media?parent=8501"}],"wp:term":[{"taxonomy":"category","embeddable":true,"href":"https:\/\/radiowebmx.com\/nota\/wp-json\/wp\/v2\/categories?post=8501"},{"taxonomy":"post_tag","embeddable":true,"href":"https:\/\/radiowebmx.com\/nota\/wp-json\/wp\/v2\/tags?post=8501"}],"curies":[{"name":"wp","href":"https:\/\/api.w.org\/{rel}","templated":true}]}}