{"id":8497,"date":"2014-07-15T12:12:53","date_gmt":"2014-07-15T17:12:53","guid":{"rendered":"https:\/\/radiowebmx.com\/nota\/?p=8497"},"modified":"2014-07-15T12:12:53","modified_gmt":"2014-07-15T17:12:53","slug":"tenemos-poco-tiempo-pero-suficiente-para-dar-resultados-del-plan-michoacan-jaime-dario-oseguera-mendez","status":"publish","type":"post","link":"https:\/\/radiowebmx.com\/nota\/tenemos-poco-tiempo-pero-suficiente-para-dar-resultados-del-plan-michoacan-jaime-dario-oseguera-mendez\/","title":{"rendered":"TENEMOS POCO TIEMPO PERO SUFICIENTE PARA DAR RESULTADOS DEL PLAN MICHOAC\u00c1N: JAIME DAR\u00cdO OSEGUERA M\u00c9NDEZ"},"content":{"rendered":"<p><a href=\"https:\/\/radiowebmx.com\/nota\/wp-content\/uploads\/2014\/07\/CPLADE-1.jpg\"><img loading=\"lazy\" decoding=\"async\" class=\"alignleft size-full wp-image-8498\" alt=\"CPLADE (1)\" src=\"https:\/\/radiowebmx.com\/nota\/wp-content\/uploads\/2014\/07\/CPLADE-1.jpg\" width=\"591\" height=\"321\" srcset=\"https:\/\/radiowebmx.com\/nota\/wp-content\/uploads\/2014\/07\/CPLADE-1.jpg 591w, https:\/\/radiowebmx.com\/nota\/wp-content\/uploads\/2014\/07\/CPLADE-1-300x162.jpg 300w\" sizes=\"auto, (max-width: 591px) 100vw, 591px\" \/><\/a>Por instrucci\u00f3n del gobernador Salvador Jara Guerrero, el secretario de Gobierno, Jaime Dar\u00edo Oseguera M\u00e9ndez, entreg\u00f3 los nombramientos a quienes estar\u00e1n al frente de la Secretar\u00eda de Desarrollo Econ\u00f3mico, Coordinaci\u00f3n de Planeaci\u00f3n y Desarrollo, Secretar\u00eda de Comunicaciones y Obras P\u00fablicas, as\u00ed como en la Subsecretar\u00eda de Enlace Legislativo y Asuntos Registrales de la propia Secretar\u00eda de Gobierno.<\/p>\n<p>En la Secretar\u00eda de Desarrollo Econ\u00f3mico (Sedeco) el encargado de despacho, Juan Carlos Becerra, fue sustituido por Carlos Pfister Huerta Ca\u00f1edo; en tanto en la Coordinaci\u00f3n de Planeaci\u00f3n y Desarrollo (Cplade), Octavio Aparicio Mendoza fue sucedido por Alejandro L\u00f3pez C\u00e1rdenas. La Secretar\u00eda de Comunicaciones y Obras P\u00fablicas (SCOP) ser\u00e1 dirigida por Jaime Camacho Moreno, en lugar de Francisco \u00c1ngel Gonz\u00e1lez Ochoa.<\/p>\n<p>Por \u00faltimo, Oseguera M\u00e9ndez presidi\u00f3 el cambio de estafeta de Rolando L\u00f3pez Villase\u00f1or en lugar de Rub\u00e9n P\u00e9rez Gallardo Ojeda, en la Subsecretar\u00eda de Enlace Legislativo y Asuntos Registrales de la Secretar\u00eda de Gobierno.<\/p>\n<p>Jaime Dar\u00edo Oseguera manifest\u00f3 que los relevos institucionales son naturales y necesarios en el cambio de una administraci\u00f3n.<\/p>\n<p>Reconoci\u00f3 las capacidades y el esfuerzo de los funcionarios que hasta este d\u00eda conjugaban las labores de las dependencias mencionadas. Dijo que el trabajo en conjunto es requisito indispensable para la reconciliaci\u00f3n de las y los michoacanos, por ello llam\u00f3 a transitar por el camino del di\u00e1logo y de la responsabilidad. Convoc\u00f3 a quienes se incorporaron y a personal de las dependencias a trabajar en unidad.<\/p>\n<p>El Secretario de Gobierno exhort\u00f3 a los nuevos funcionarios a conducirse en el marco de la legalidad y transparencia en beneficio de la sociedad.<\/p>\n","protected":false},"excerpt":{"rendered":"<p>Por instrucci\u00f3n del gobernador Salvador Jara Guerrero, el secretario de Gobierno, Jaime Dar\u00edo Oseguera M\u00e9ndez, entreg\u00f3 los nombramientos a quienes estar\u00e1n al frente de la Secretar\u00eda de Desarrollo Econ\u00f3mico, Coordinaci\u00f3n de Planeaci\u00f3n y Desarrollo, Secretar\u00eda de Comunicaciones y Obras P\u00fablicas, <\/p>\n","protected":false},"author":1,"featured_media":8498,"comment_status":"open","ping_status":"open","sticky":false,"template":"","format":"standard","meta":{"footnotes":""},"categories":[14,3],"tags":[],"class_list":["post-8497","post","type-post","status-publish","format-standard","has-post-thumbnail","hentry","category-destacadas","category-gobierno-del-estado-de-michoacan"],"_links":{"self":[{"href":"https:\/\/radiowebmx.com\/nota\/wp-json\/wp\/v2\/posts\/8497","targetHints":{"allow":["GET"]}}],"collection":[{"href":"https:\/\/radiowebmx.com\/nota\/wp-json\/wp\/v2\/posts"}],"about":[{"href":"https:\/\/radiowebmx.com\/nota\/wp-json\/wp\/v2\/types\/post"}],"author":[{"embeddable":true,"href":"https:\/\/radiowebmx.com\/nota\/wp-json\/wp\/v2\/users\/1"}],"replies":[{"embeddable":true,"href":"https:\/\/radiowebmx.com\/nota\/wp-json\/wp\/v2\/comments?post=8497"}],"version-history":[{"count":2,"href":"https:\/\/radiowebmx.com\/nota\/wp-json\/wp\/v2\/posts\/8497\/revisions"}],"predecessor-version":[{"id":8500,"href":"https:\/\/radiowebmx.com\/nota\/wp-json\/wp\/v2\/posts\/8497\/revisions\/8500"}],"wp:featuredmedia":[{"embeddable":true,"href":"https:\/\/radiowebmx.com\/nota\/wp-json\/wp\/v2\/media\/8498"}],"wp:attachment":[{"href":"https:\/\/radiowebmx.com\/nota\/wp-json\/wp\/v2\/media?parent=8497"}],"wp:term":[{"taxonomy":"category","embeddable":true,"href":"https:\/\/radiowebmx.com\/nota\/wp-json\/wp\/v2\/categories?post=8497"},{"taxonomy":"post_tag","embeddable":true,"href":"https:\/\/radiowebmx.com\/nota\/wp-json\/wp\/v2\/tags?post=8497"}],"curies":[{"name":"wp","href":"https:\/\/api.w.org\/{rel}","templated":true}]}}