{"id":844,"date":"2013-01-16T12:58:03","date_gmt":"2013-01-16T18:58:03","guid":{"rendered":"https:\/\/radiowebmx.com\/nota\/?p=844"},"modified":"2013-01-16T12:58:03","modified_gmt":"2013-01-16T18:58:03","slug":"la-secretaria-de-educacion-entrego-juguetes-con-motivo-del-dia-de-reyes","status":"publish","type":"post","link":"https:\/\/radiowebmx.com\/nota\/la-secretaria-de-educacion-entrego-juguetes-con-motivo-del-dia-de-reyes\/","title":{"rendered":"LA SECRETARIA DE EDUCACI\u00d3N ENTREG\u00d3 JUGUETES CON MOTIVO DEL D\u00cdA DE REYES"},"content":{"rendered":"<p><img loading=\"lazy\" decoding=\"async\" class=\"alignnone\" src=\"http:\/\/img266.imageshack.us\/img266\/4124\/img3094f.jpg\" alt=\"\" width=\"591\" height=\"294\" \/>Con la finalidad de apoyar la econom\u00eda familiar, la secretaria de Educaci\u00f3n en el Estado, Mar\u00eda Teresa Herrera Guido, entreg\u00f3 juguetes para hijos e hijas de los trabajadores de oficinas centrales de la dependencia educativa con motivo del pasado D\u00eda de Reyes.<\/p>\n<p>La titular de la pol\u00edtica educativa record\u00f3 que es importante mantener las tradiciones, por eso, esta fecha que se celebr\u00f3 el 6 de enero es un d\u00eda importante que el gobierno del estado, a trav\u00e9s de las autoridades educativas cumpli\u00f3 con su compromiso de otorgar los juguetes para los hijos de los empleados.<\/p>\n<p>El monto erogado para estos regalos fue de aproximadamente 236 mil pesos para la compra de mil 300 juguetes para los hijos de los trabajadores con edades de cero a doce a\u00f1os de edad.<\/p>\n<p>Con este apoyo, la secretaria de Educaci\u00f3n cumpli\u00f3 con los compromisos y el apoyo hacia trabajadores con la finalidad de reconocer parte de su esfuerzo y dedicaci\u00f3n.<\/p>\n","protected":false},"excerpt":{"rendered":"<p>Con la finalidad de apoyar la econom\u00eda familiar, la secretaria de Educaci\u00f3n en el Estado, Mar\u00eda Teresa Herrera Guido, entreg\u00f3 juguetes para hijos e hijas de los trabajadores de oficinas centrales de la dependencia educativa con motivo del pasado D\u00eda de Reyes. La titular de la pol\u00edtica educativa record\u00f3 que es importante mantener las tradiciones, [&hellip;]<\/p>\n","protected":false},"author":1,"featured_media":0,"comment_status":"open","ping_status":"open","sticky":false,"template":"","format":"standard","meta":{"footnotes":""},"categories":[3],"tags":[],"class_list":["post-844","post","type-post","status-publish","format-standard","hentry","category-gobierno-del-estado-de-michoacan"],"_links":{"self":[{"href":"https:\/\/radiowebmx.com\/nota\/wp-json\/wp\/v2\/posts\/844","targetHints":{"allow":["GET"]}}],"collection":[{"href":"https:\/\/radiowebmx.com\/nota\/wp-json\/wp\/v2\/posts"}],"about":[{"href":"https:\/\/radiowebmx.com\/nota\/wp-json\/wp\/v2\/types\/post"}],"author":[{"embeddable":true,"href":"https:\/\/radiowebmx.com\/nota\/wp-json\/wp\/v2\/users\/1"}],"replies":[{"embeddable":true,"href":"https:\/\/radiowebmx.com\/nota\/wp-json\/wp\/v2\/comments?post=844"}],"version-history":[{"count":2,"href":"https:\/\/radiowebmx.com\/nota\/wp-json\/wp\/v2\/posts\/844\/revisions"}],"predecessor-version":[{"id":846,"href":"https:\/\/radiowebmx.com\/nota\/wp-json\/wp\/v2\/posts\/844\/revisions\/846"}],"wp:attachment":[{"href":"https:\/\/radiowebmx.com\/nota\/wp-json\/wp\/v2\/media?parent=844"}],"wp:term":[{"taxonomy":"category","embeddable":true,"href":"https:\/\/radiowebmx.com\/nota\/wp-json\/wp\/v2\/categories?post=844"},{"taxonomy":"post_tag","embeddable":true,"href":"https:\/\/radiowebmx.com\/nota\/wp-json\/wp\/v2\/tags?post=844"}],"curies":[{"name":"wp","href":"https:\/\/api.w.org\/{rel}","templated":true}]}}