{"id":8421,"date":"2014-07-14T14:42:44","date_gmt":"2014-07-14T19:42:44","guid":{"rendered":"https:\/\/radiowebmx.com\/nota\/?p=8421"},"modified":"2014-07-14T14:42:44","modified_gmt":"2014-07-14T19:42:44","slug":"esclarece-pgje-homicidio-de-sindico-de-tzitzio-y-detiene-a-dos-probables-responsables","status":"publish","type":"post","link":"https:\/\/radiowebmx.com\/nota\/esclarece-pgje-homicidio-de-sindico-de-tzitzio-y-detiene-a-dos-probables-responsables\/","title":{"rendered":"ESCLARECE PGJE HOMICIDIO DE S\u00cdNDICO DE TZITZIO Y DETIENE A DOS PROBABLES RESPONSABLES"},"content":{"rendered":"<p>Investigaciones y trabajos de inteligencia realizados<a name=\"_GoBack\"><\/a> por personal de la Procuradur\u00eda General de Justicia, permitieron el esclarecimiento del homicidio del s\u00edndico municipal de Tzitzio y logr\u00f3 la detenci\u00f3n de dos probables responsables de estos hechos, entre ellos, el exdirector de Seguridad P\u00fablica de esa jurisdicci\u00f3n.<\/p>\n<p>El funcionario municipal, Jes\u00fas Rodr\u00edguez Bueno, fue privado de la vida el pasado jueves 10 de julio, en el\u00a0 tramo carretero Morelia-Mil Cumbres,\u00a0 cuando se dirig\u00eda a esta ciudad.<\/p>\n<p>Durante las investigaciones realizadas por el personal ministerial, se logr\u00f3 establecer que el d\u00eda 09 de julio, Gabino Belela Ben\u00edtez, fue destituido de su cargo como director de Seguridad P\u00fablica de Tzitzio, hecho que gener\u00f3 molestia en el funcionario, quien en complicidad del polic\u00eda municipal Alfonso Andrade, pidi\u00f3 apoyo a integrantes de un grupo delincuencial para dar muerte a Rodr\u00edguez Bueno, a quien responsabilizaron de haber ordenado el relevo.<\/p>\n<p>Una vez que se consum\u00f3 el homicidio, Gabino Belela fue informado por el mismo Alfonso Andrade que ya se hab\u00eda perpetrado el crimen.<\/p>\n<p>Gabino Belela y Alfonso Andrade, manifestaron en su declaraci\u00f3n ministerial que prestaban\u00a0 sus servicios de \u201chalconeo\u201d para\u00a0 una organizaci\u00f3n criminal, ya que adem\u00e1s de proporcionarles informaci\u00f3n sobre incursi\u00f3n de las fuerzas policiales en la zona, les llevaban v\u00edveres a los puntos donde se refugiaban.<\/p>\n<p>Gabino Belela reconoci\u00f3 que con el apoyo del grupo delincuencial, ocup\u00f3 varios cargos en \u00e1reas de Seguridad P\u00fablica en diferentes municipios, entre ellos en Tzitzio, donde asumi\u00f3 la responsabilidad en el mes de junio pasado.<\/p>\n<p>Por lo anterior, la Procuradur\u00eda General de Justicia resolvi\u00f3 la consignaci\u00f3n de la acci\u00f3n penal en contra del exmando y del polic\u00eda municipal, por su probable responsabilidad en el delito de homicidio.<\/p>\n<p>De igual forma dej\u00f3 abierta la Averiguaci\u00f3n Previa a efecto de continuar con las investigaciones y determinar si est\u00e1n relacionados en otras conductas delictivas.<\/p>\n<p>&nbsp;<\/p>\n<p>&nbsp;<\/p>\n<p>Con estas acciones, la Procuradur\u00eda General de Justicia del Estado y la Secretar\u00eda de Seguridad P\u00fablica, refrendan su compromiso de mantener firmes los trabajos encaminados a la desarticulaci\u00f3n de los grupos delincuenciales que atentan contra la seguridad y tranquilidad de los michoacanos.<\/p>\n","protected":false},"excerpt":{"rendered":"<p>Investigaciones y trabajos de inteligencia realizados por personal de la Procuradur\u00eda General de Justicia, permitieron el esclarecimiento del homicidio del s\u00edndico municipal de Tzitzio y logr\u00f3 la detenci\u00f3n de dos probables responsables de estos hechos, entre ellos, el exdirector de Seguridad P\u00fablica de esa jurisdicci\u00f3n.<\/p>\n","protected":false},"author":1,"featured_media":0,"comment_status":"open","ping_status":"open","sticky":false,"template":"","format":"standard","meta":{"footnotes":""},"categories":[3],"tags":[],"class_list":["post-8421","post","type-post","status-publish","format-standard","hentry","category-gobierno-del-estado-de-michoacan"],"_links":{"self":[{"href":"https:\/\/radiowebmx.com\/nota\/wp-json\/wp\/v2\/posts\/8421","targetHints":{"allow":["GET"]}}],"collection":[{"href":"https:\/\/radiowebmx.com\/nota\/wp-json\/wp\/v2\/posts"}],"about":[{"href":"https:\/\/radiowebmx.com\/nota\/wp-json\/wp\/v2\/types\/post"}],"author":[{"embeddable":true,"href":"https:\/\/radiowebmx.com\/nota\/wp-json\/wp\/v2\/users\/1"}],"replies":[{"embeddable":true,"href":"https:\/\/radiowebmx.com\/nota\/wp-json\/wp\/v2\/comments?post=8421"}],"version-history":[{"count":2,"href":"https:\/\/radiowebmx.com\/nota\/wp-json\/wp\/v2\/posts\/8421\/revisions"}],"predecessor-version":[{"id":8423,"href":"https:\/\/radiowebmx.com\/nota\/wp-json\/wp\/v2\/posts\/8421\/revisions\/8423"}],"wp:attachment":[{"href":"https:\/\/radiowebmx.com\/nota\/wp-json\/wp\/v2\/media?parent=8421"}],"wp:term":[{"taxonomy":"category","embeddable":true,"href":"https:\/\/radiowebmx.com\/nota\/wp-json\/wp\/v2\/categories?post=8421"},{"taxonomy":"post_tag","embeddable":true,"href":"https:\/\/radiowebmx.com\/nota\/wp-json\/wp\/v2\/tags?post=8421"}],"curies":[{"name":"wp","href":"https:\/\/api.w.org\/{rel}","templated":true}]}}