{"id":8419,"date":"2014-07-14T14:41:39","date_gmt":"2014-07-14T19:41:39","guid":{"rendered":"https:\/\/radiowebmx.com\/nota\/?p=8419"},"modified":"2014-07-14T14:41:39","modified_gmt":"2014-07-14T19:41:39","slug":"reitera-sct-este-ano-concluiran-58-obras-del-plan-michoacan","status":"publish","type":"post","link":"https:\/\/radiowebmx.com\/nota\/reitera-sct-este-ano-concluiran-58-obras-del-plan-michoacan\/","title":{"rendered":"REITERA SCT, ESTE A\u00d1O CONCLUIR\u00c1N 58 OBRAS DEL PLAN MICHOAC\u00c1N"},"content":{"rendered":"<p>El gobernador del estado Salvador Jara Guerrero, este domingo sostuvo una reuni\u00f3n de trabajo con el subsecretario de Infraestructura de la Secretar\u00eda de Comunicaciones y Transportes federal (SCT), Ra\u00fal Murrieta Cummings, para conocer los avances de las 83 obras a cargo de dicha dependencia que forman parte del Plan Michoac\u00e1n, de las cuales 58 obras ser\u00e1n concluidas este mismo a\u00f1o, reiter\u00f3 el funcionario federal.<\/p>\n<p>Acompa\u00f1ado de su asesor Ricardo Ortiz Estrada y del delegado del Centro SCT Michoac\u00e1n, Roberto Cervantes Mart\u00ednez, el subsecretario manifest\u00f3 al mandatario estatal que se avanza con pasos firmes en entregar mejor infraestructura a los michoacanos.<\/p>\n<p>Los proyectos que la dependencia federal desarrolla en nuestro estado, explic\u00f3, son 6 autopistas, la modernizaci\u00f3n de 4 carreteras federales, 48 caminos rurales y alimentadores, 13 obras asociadas al impulso del Puerto de L\u00e1zaro C\u00e1rdenas, entre ellas las Terminales Especializadas II, III y de Autos; 4 intervenciones integrales de conservaci\u00f3n de la red carretera, la construcci\u00f3n de laderos de apoyo en el ramal ferroviario de la Isla Cayacal.<\/p>\n<p>As\u00ed como la instalaci\u00f3n de fibra \u00f3ptica a lo largo de toda la autopista Atlacomulco-Maravat\u00edo y Siglo XXI y de dispositivos ITS (c\u00e1maras de videovigilancia); acceso a internet banda ancha gratuito en escuelas, centros de salud, bibliotecas, centros comunitarios, parques, entre otros sitios p\u00fablicos; el Programa de Empleo Temporal, dos estudios y proyectos de caminos rurales; la construcci\u00f3n del cluster log\u00edstico en la Isla de La Palma; y el proyecto ejecutivo y an\u00e1lisis de la modernizaci\u00f3n del sistema aeroportuario de L\u00e1zaro C\u00e1rdenas.<\/p>\n<p>Al respecto, Salvador Jara manifest\u00f3 toda la disposici\u00f3n y decisi\u00f3n del gobierno que encabeza para respaldar estos proyectos y colaborar en lo que corresponde para hacerlos posible; al tiempo que agradeci\u00f3 que el presidente Enrique Pe\u00f1a Nieto mantenga y d\u00e9 continuidad a sus compromisos con los michoacanos, y para ello env\u00ede a su Gabinete a dar seguimiento a los mismos.<\/p>\n","protected":false},"excerpt":{"rendered":"<p>El gobernador del estado Salvador Jara Guerrero, este domingo sostuvo una reuni\u00f3n de trabajo con el subsecretario de Infraestructura de la Secretar\u00eda de Comunicaciones y Transportes federal (SCT), Ra\u00fal Murrieta Cummings, para conocer los avances de las 83 obras a cargo de dicha dependencia que forman parte del Plan Michoac\u00e1n,<\/p>\n","protected":false},"author":1,"featured_media":0,"comment_status":"open","ping_status":"open","sticky":false,"template":"","format":"standard","meta":{"footnotes":""},"categories":[14,3],"tags":[],"class_list":["post-8419","post","type-post","status-publish","format-standard","hentry","category-destacadas","category-gobierno-del-estado-de-michoacan"],"_links":{"self":[{"href":"https:\/\/radiowebmx.com\/nota\/wp-json\/wp\/v2\/posts\/8419","targetHints":{"allow":["GET"]}}],"collection":[{"href":"https:\/\/radiowebmx.com\/nota\/wp-json\/wp\/v2\/posts"}],"about":[{"href":"https:\/\/radiowebmx.com\/nota\/wp-json\/wp\/v2\/types\/post"}],"author":[{"embeddable":true,"href":"https:\/\/radiowebmx.com\/nota\/wp-json\/wp\/v2\/users\/1"}],"replies":[{"embeddable":true,"href":"https:\/\/radiowebmx.com\/nota\/wp-json\/wp\/v2\/comments?post=8419"}],"version-history":[{"count":1,"href":"https:\/\/radiowebmx.com\/nota\/wp-json\/wp\/v2\/posts\/8419\/revisions"}],"predecessor-version":[{"id":8420,"href":"https:\/\/radiowebmx.com\/nota\/wp-json\/wp\/v2\/posts\/8419\/revisions\/8420"}],"wp:attachment":[{"href":"https:\/\/radiowebmx.com\/nota\/wp-json\/wp\/v2\/media?parent=8419"}],"wp:term":[{"taxonomy":"category","embeddable":true,"href":"https:\/\/radiowebmx.com\/nota\/wp-json\/wp\/v2\/categories?post=8419"},{"taxonomy":"post_tag","embeddable":true,"href":"https:\/\/radiowebmx.com\/nota\/wp-json\/wp\/v2\/tags?post=8419"}],"curies":[{"name":"wp","href":"https:\/\/api.w.org\/{rel}","templated":true}]}}