{"id":8410,"date":"2014-07-11T12:35:17","date_gmt":"2014-07-11T17:35:17","guid":{"rendered":"https:\/\/radiowebmx.com\/nota\/?p=8410"},"modified":"2014-07-11T12:35:17","modified_gmt":"2014-07-11T17:35:17","slug":"necesario-que-abogados-esten-conscientes-de-la-responsabilidad-que-conlleva-la-transformacion-de-ordenamientos-juridicos","status":"publish","type":"post","link":"https:\/\/radiowebmx.com\/nota\/necesario-que-abogados-esten-conscientes-de-la-responsabilidad-que-conlleva-la-transformacion-de-ordenamientos-juridicos\/","title":{"rendered":"Necesario que abogados est\u00e9n conscientes de la responsabilidad que conlleva la transformaci\u00f3n de ordenamientos jur\u00eddicos"},"content":{"rendered":"<p><a href=\"https:\/\/radiowebmx.com\/nota\/wp-content\/uploads\/2014\/07\/2.jpg\"><img loading=\"lazy\" decoding=\"async\" class=\"alignleft size-full wp-image-8411\" alt=\"2\" src=\"https:\/\/radiowebmx.com\/nota\/wp-content\/uploads\/2014\/07\/2.jpg\" width=\"591\" height=\"322\" srcset=\"https:\/\/radiowebmx.com\/nota\/wp-content\/uploads\/2014\/07\/2.jpg 591w, https:\/\/radiowebmx.com\/nota\/wp-content\/uploads\/2014\/07\/2-300x163.jpg 300w\" sizes=\"auto, (max-width: 591px) 100vw, 591px\" \/><\/a>En el marco del d\u00eda en que se festeja a los abogados y abogadas, Juan Antonio Maga\u00f1a de la Mora, presidente del Supremo Tribunal de Justicia y del Consejo del Poder Judicial de Michoac\u00e1n, felicit\u00f3 a todos los que desempe\u00f1an esta digna labor que requiere de un gran compromiso con la sociedad.<\/p>\n<p>Maga\u00f1a de la Mora se\u00f1al\u00f3 que la trascendencia social de la profesi\u00f3n jur\u00eddica y el valor fundamental que implica el papel de la abogac\u00eda en un Estado social y democr\u00e1tico de Derecho, hace necesario e imprescindible que los abogadas y abogados michoacanos est\u00e9n conscientes de la gran responsabilidad que conlleva la radical transformaci\u00f3n que el ordenamiento jur\u00eddico est\u00e1 experimentando.<\/p>\n<p>Coment\u00f3 que es un cambio en la forma de concebir, entender, interpretar y aplicar el Derecho en sus diferentes ramas, y como ejemplo, mencion\u00f3 la reforma constitucional de 2008 en materia de justicia penal que da origen al sistema acusatorio y adversarial, el cual debe implementarse en todo el pa\u00eds a m\u00e1s tardar en 2016, y cuya entrada en vigor est\u00e1 programada por regiones en Michoac\u00e1n a partir de marzo de 2015.<\/p>\n<p>El magistrado presidente se\u00f1al\u00f3 que son los abogados y abogadas de gran importancia para la implementaci\u00f3n de nuevas reformas y cambios de los ordenamientos jur\u00eddicos, y que el rumbo que la profesi\u00f3n de la abogac\u00eda debe seguir es de acuerdo con los nuevos retos jur\u00eddicos que se viven.<\/p>\n<p>Finalmente, record\u00f3 que en Michoac\u00e1n ya est\u00e1 en vigencia la oralidad en materia mercantil ordinaria desde el primero de julio de 2013, los jueces de ejecuci\u00f3n de sanciones penales llevan a cabo audiencias orales, y adem\u00e1s, la justicia especializada en adolescentes recoge la din\u00e1mica de oralidad en sus procedimientos, para lo cual, el Poder Judicial de Michoac\u00e1n ha realizado una intensa labor de capacitaci\u00f3n y actualizaci\u00f3n de los servidores p\u00fablicos de la instituci\u00f3n, de manera que la sociedad reciba un servicio de administraci\u00f3n de justicia eficiente y oportuno.<\/p>\n<p>&nbsp;<\/p>\n","protected":false},"excerpt":{"rendered":"<p>En el marco del d\u00eda en que se festeja a los abogados y abogadas, Juan Antonio Maga\u00f1a de la Mora, presidente del Supremo Tribunal de Justicia y del Consejo del Poder Judicial de Michoac\u00e1n, felicit\u00f3 a todos los que desempe\u00f1an esta digna labor que requiere de un gran compromiso con la sociedad.<\/p>\n","protected":false},"author":1,"featured_media":8411,"comment_status":"open","ping_status":"open","sticky":false,"template":"","format":"standard","meta":{"footnotes":""},"categories":[14,3],"tags":[],"class_list":["post-8410","post","type-post","status-publish","format-standard","has-post-thumbnail","hentry","category-destacadas","category-gobierno-del-estado-de-michoacan"],"_links":{"self":[{"href":"https:\/\/radiowebmx.com\/nota\/wp-json\/wp\/v2\/posts\/8410","targetHints":{"allow":["GET"]}}],"collection":[{"href":"https:\/\/radiowebmx.com\/nota\/wp-json\/wp\/v2\/posts"}],"about":[{"href":"https:\/\/radiowebmx.com\/nota\/wp-json\/wp\/v2\/types\/post"}],"author":[{"embeddable":true,"href":"https:\/\/radiowebmx.com\/nota\/wp-json\/wp\/v2\/users\/1"}],"replies":[{"embeddable":true,"href":"https:\/\/radiowebmx.com\/nota\/wp-json\/wp\/v2\/comments?post=8410"}],"version-history":[{"count":1,"href":"https:\/\/radiowebmx.com\/nota\/wp-json\/wp\/v2\/posts\/8410\/revisions"}],"predecessor-version":[{"id":8412,"href":"https:\/\/radiowebmx.com\/nota\/wp-json\/wp\/v2\/posts\/8410\/revisions\/8412"}],"wp:featuredmedia":[{"embeddable":true,"href":"https:\/\/radiowebmx.com\/nota\/wp-json\/wp\/v2\/media\/8411"}],"wp:attachment":[{"href":"https:\/\/radiowebmx.com\/nota\/wp-json\/wp\/v2\/media?parent=8410"}],"wp:term":[{"taxonomy":"category","embeddable":true,"href":"https:\/\/radiowebmx.com\/nota\/wp-json\/wp\/v2\/categories?post=8410"},{"taxonomy":"post_tag","embeddable":true,"href":"https:\/\/radiowebmx.com\/nota\/wp-json\/wp\/v2\/tags?post=8410"}],"curies":[{"name":"wp","href":"https:\/\/api.w.org\/{rel}","templated":true}]}}