{"id":8407,"date":"2014-07-11T12:32:10","date_gmt":"2014-07-11T17:32:10","guid":{"rendered":"https:\/\/radiowebmx.com\/nota\/?p=8407"},"modified":"2014-07-11T12:32:10","modified_gmt":"2014-07-11T17:32:10","slug":"recibe-gobernador-salvador-jara-a-dirigente-nacional-del-pri","status":"publish","type":"post","link":"https:\/\/radiowebmx.com\/nota\/recibe-gobernador-salvador-jara-a-dirigente-nacional-del-pri\/","title":{"rendered":"RECIBE GOBERNADOR SALVADOR JARA A DIRIGENTE NACIONAL DEL PRI"},"content":{"rendered":"<p><a href=\"https:\/\/radiowebmx.com\/nota\/wp-content\/uploads\/2014\/07\/DSC_4964.jpg\"><img loading=\"lazy\" decoding=\"async\" class=\"alignleft size-full wp-image-8408\" alt=\"DSC_4964\" src=\"https:\/\/radiowebmx.com\/nota\/wp-content\/uploads\/2014\/07\/DSC_4964.jpg\" width=\"591\" height=\"338\" srcset=\"https:\/\/radiowebmx.com\/nota\/wp-content\/uploads\/2014\/07\/DSC_4964.jpg 591w, https:\/\/radiowebmx.com\/nota\/wp-content\/uploads\/2014\/07\/DSC_4964-300x171.jpg 300w, https:\/\/radiowebmx.com\/nota\/wp-content\/uploads\/2014\/07\/DSC_4964-128x72.jpg 128w\" sizes=\"auto, (max-width: 591px) 100vw, 591px\" \/><\/a>El gobernador del estado Salvador Jara Guerrero, recibi\u00f3 en su despacho la visita del dirigente nacional del Partido Revolucionario Institucional, C\u00e9sar Camacho Quiroz, con quien dialog\u00f3 acerca de la situaci\u00f3n actual de la entidad y los apoyos del Gobierno de la Rep\u00fablica a la administraci\u00f3n estatal.<\/p>\n<p>En este encuentro, el mandatario estatal conoci\u00f3 el compromiso del dirigente pri\u00edsta por impulsar desde su instituto pol\u00edtico el fortalecimiento de las instituciones del estado, pues asegur\u00f3, es necesaria la estabilidad y construcci\u00f3n de consensos, para que a Michoac\u00e1n y los michoacanos les vaya bien.<\/p>\n<p>Este encuentro se realiz\u00f3 en el marco de las reuniones que el titular del Ejecutivo estatal ha venido sosteniendo con actores de diferentes partidos pol\u00edticos para alcanzar acuerdos en favor de los michoacanos.<\/p>\n<p>Por otra parte, el gobernador tambi\u00e9n sostuvo una mesa de trabajo con el secretario de Educaci\u00f3n de la entidad, Armando Sep\u00falveda L\u00f3pez, en continuidad a las labores de diagn\u00f3stico sobre la situaci\u00f3n laboral de la SEE y su mejora.<\/p>\n<p>De igual manera, acudi\u00f3 al despacho del mandatario estatal el delegado de la Procuradur\u00eda Agraria en la entidad, \u00a0Jos\u00e9 Jorge Campos Murillo, para revisar los avances en materia de certificaci\u00f3n parcelaria y regularizaci\u00f3n de los ejidos.<\/p>\n<p>Jara Guerrero se reuni\u00f3 adem\u00e1s con el investigador de la Facultad de Contadur\u00eda y Ciencias Administrativas de la Universidad Michoacana de San Nicol\u00e1s de Hidalgo, \u00d3scar de la Torre Torres, as\u00ed como con el arzobispo de la Arquidi\u00f3cesis de Morelia, Alberto Su\u00e1rez Inda.<\/p>\n<p>Estos encuentros de trabajo, responden a la agenda que el jefe del Ejecutivo estatal atiende en Casa de Gobierno, como parte del an\u00e1lisis de la situaci\u00f3n de los diversos sectores productivos y sociales de la entidad, as\u00ed como del di\u00e1logo continuo con la ciudadan\u00eda, para escuchar sus propuestas e inquietudes y as\u00ed, fortalecer las decisiones de su administraci\u00f3n en beneficio de Michoac\u00e1n.<\/p>\n","protected":false},"excerpt":{"rendered":"<p>El gobernador del estado Salvador Jara Guerrero, recibi\u00f3 en su despacho la visita del dirigente nacional del Partido Revolucionario Institucional, C\u00e9sar Camacho Quiroz, con quien dialog\u00f3 acerca de la situaci\u00f3n actual de la entidad y los apoyos del Gobierno de la Rep\u00fablica a la administraci\u00f3n estatal.<\/p>\n","protected":false},"author":1,"featured_media":8408,"comment_status":"open","ping_status":"open","sticky":false,"template":"","format":"standard","meta":{"footnotes":""},"categories":[14,3],"tags":[],"class_list":["post-8407","post","type-post","status-publish","format-standard","has-post-thumbnail","hentry","category-destacadas","category-gobierno-del-estado-de-michoacan"],"_links":{"self":[{"href":"https:\/\/radiowebmx.com\/nota\/wp-json\/wp\/v2\/posts\/8407","targetHints":{"allow":["GET"]}}],"collection":[{"href":"https:\/\/radiowebmx.com\/nota\/wp-json\/wp\/v2\/posts"}],"about":[{"href":"https:\/\/radiowebmx.com\/nota\/wp-json\/wp\/v2\/types\/post"}],"author":[{"embeddable":true,"href":"https:\/\/radiowebmx.com\/nota\/wp-json\/wp\/v2\/users\/1"}],"replies":[{"embeddable":true,"href":"https:\/\/radiowebmx.com\/nota\/wp-json\/wp\/v2\/comments?post=8407"}],"version-history":[{"count":1,"href":"https:\/\/radiowebmx.com\/nota\/wp-json\/wp\/v2\/posts\/8407\/revisions"}],"predecessor-version":[{"id":8409,"href":"https:\/\/radiowebmx.com\/nota\/wp-json\/wp\/v2\/posts\/8407\/revisions\/8409"}],"wp:featuredmedia":[{"embeddable":true,"href":"https:\/\/radiowebmx.com\/nota\/wp-json\/wp\/v2\/media\/8408"}],"wp:attachment":[{"href":"https:\/\/radiowebmx.com\/nota\/wp-json\/wp\/v2\/media?parent=8407"}],"wp:term":[{"taxonomy":"category","embeddable":true,"href":"https:\/\/radiowebmx.com\/nota\/wp-json\/wp\/v2\/categories?post=8407"},{"taxonomy":"post_tag","embeddable":true,"href":"https:\/\/radiowebmx.com\/nota\/wp-json\/wp\/v2\/tags?post=8407"}],"curies":[{"name":"wp","href":"https:\/\/api.w.org\/{rel}","templated":true}]}}