{"id":84,"date":"2012-10-24T14:17:43","date_gmt":"2012-10-24T19:17:43","guid":{"rendered":"https:\/\/radiowebmx.com\/nota\/?p=84"},"modified":"2012-11-05T14:18:50","modified_gmt":"2012-11-05T20:18:50","slug":"reto-inmediato-de-icatmi-impulsar-nuevos-modelos-de-educacion-y-consolidar-la-capacitacion-turistica-fvf","status":"publish","type":"post","link":"https:\/\/radiowebmx.com\/nota\/reto-inmediato-de-icatmi-impulsar-nuevos-modelos-de-educacion-y-consolidar-la-capacitacion-turistica-fvf\/","title":{"rendered":"RETO INMEDIATO DE ICATMI, IMPULSAR NUEVOS MODELOS DE EDUCACI\u00d3N Y CONSOLIDAR LA CAPACITACI\u00d3N TUR\u00cdSTICA: FVF"},"content":{"rendered":"<p>El gobernador de Michoac\u00e1n Fausto Vallejo Figueroa manifest\u00f3 que uno de los retos inmediatos para su administraci\u00f3n, a trav\u00e9s del Instituto de Capacitaci\u00f3n para el Trabajo (ICATMI), es consolidar la capacitaci\u00f3n tur\u00edstica, pues \u00e9sta dijo, debe ser un eslab\u00f3n s\u00f3lido que permita potenciar esta actividad para que traiga \u00a0a Michoac\u00e1n riqueza, progreso con sentido human\u00edstico y con el respeto a la naturaleza.<\/p>\n<p>Durante la toma de protesta a la nueva Junta Directiva del ICATMI, Vallejo Figueroa dijo estar consiente de la importancia de impulsar nuevos modelos de educaci\u00f3n, investigaci\u00f3n y desarrollo con el fin de\u00a0 potencializar el capital humano de las instituciones p\u00fablicas y privadas, de ah\u00ed la importancia de este Instituto y su nueva Junta, la cual tendr\u00e1 la responsabilidad de conjugar pluralidad de perfiles, creatividad, experiencia y visi\u00f3n emprendedora.<\/p>\n<p>Precis\u00f3 que uno de los grandes retos para el Instituto de Capacitaci\u00f3n para el Trabajo del Estado de Michoac\u00e1n, es consolidar certificaciones para capacitaci\u00f3n, artes y oficios que permitan agregar valor a los productos y servicios de los michoacanos, as\u00ed como focalizar esfuerzos para hacer crecer el instituto en otras regiones de Michoac\u00e1n como lo es la Ci\u00e9nega, donde se puede detonar la eficacia de los sectores productivos de esa parte de la entidad.<\/p>\n<p>Por \u00faltimo, el mandatario estatal felicit\u00f3 con \u00e9nfasis el n\u00famero reciente de matricula con la que cuenta el ICATMI que en este a\u00f1o es de 40 mil estudiantes, \u201ccifra que se dice r\u00e1pido, pero implica mover todo un aparato con estrategia y voluntad\u201d.<\/p>\n<p>En esta primera sesi\u00f3n ordinaria de la nueva Junta Directiva, el director general del ICATMI, Bert\u00edn Cornejo Mart\u00ednez, present\u00f3 el estado que guarda la instituci\u00f3n a su cargo, en el periodo correspondiente a los meses abril-agosto, as\u00ed como el informe presupuestal, los estados financieros y la auditor\u00eda en general a la instituci\u00f3n.<\/p>\n<p>Inform\u00f3 que fue autorizado para dar seguimiento al otorgamiento de los terrenos de la comunidad ind\u00edgena de Tzurum\u00fataro y construir un plantel especializado en materia de capacitaci\u00f3n tur\u00edstica.<\/p>\n<p>De igual forma, se\u00f1al\u00f3 que se firmaron 63 convenios con el sector empresarial, con ayuntamientos y organizaciones sociales, buscando llevar m\u00e1s capacitaci\u00f3n a todos los rincones del estado, mientras que al mes de agosto se han capacitado a 35 mil personas, esperando llegar a diciembre a los 55 mil, tal como lo estipula el Programa Operativo Anual 2012.<\/p>\n<p>La Direcci\u00f3n de Planeaci\u00f3n, dijo Cornejo Mart\u00ednez, realiz\u00f3 los estudios de factibilidad para la construcci\u00f3n de nuevas unidades m\u00f3viles con mayores \u00edndices de pobreza y marginaci\u00f3n como son Pur\u00e9pero, Capula, Huetamo, Pajacuar\u00e1n y Sahuayo.<\/p>\n<p>La nueva Junta Directiva qued\u00f3 conformada por Mar\u00eda Teresa Herrera Guido, secretaria de Educaci\u00f3n en el estado; Luis Miranda Contreras, secretario de Finanzas y Administraci\u00f3n; Francisco Octavio Aparicio Mendoza, coordinador de Planeaci\u00f3n para el Desarrollo; as\u00ed como Fernando Z\u00fa\u00f1iga Toro, director de Centro de Formaci\u00f3n para el Trabajo de la SEP; V\u00edctor Manuel Lagunas Ram\u00edrez, titular de la Oficina de Servicios Federales de Apoyo a la Educaci\u00f3n en Michoac\u00e1n de la SEP;\u00a0 Jos\u00e9 Bert\u00edn Cornejo, director general del ICATMI; adem\u00e1s de Carlos Ochoa Le\u00f3n, coordinador de Contralor\u00eda, y Gerardo Bustos Pineda, representante del sector productivo.<\/p>\n<p>&nbsp;<\/p>\n","protected":false},"excerpt":{"rendered":"<p>El gobernador de Michoac\u00e1n Fausto Vallejo Figueroa manifest\u00f3 que uno de los retos inmediatos para su administraci\u00f3n, a trav\u00e9s del Instituto de Capacitaci\u00f3n para el Trabajo (ICATMI), es consolidar la capacitaci\u00f3n tur\u00edstica, pues \u00e9sta dijo, debe ser un eslab\u00f3n s\u00f3lido que permita potenciar esta actividad para que traiga \u00a0a Michoac\u00e1n riqueza, progreso con sentido human\u00edstico [&hellip;]<\/p>\n","protected":false},"author":1,"featured_media":0,"comment_status":"open","ping_status":"open","sticky":false,"template":"","format":"standard","meta":{"footnotes":""},"categories":[3],"tags":[],"class_list":["post-84","post","type-post","status-publish","format-standard","hentry","category-gobierno-del-estado-de-michoacan"],"_links":{"self":[{"href":"https:\/\/radiowebmx.com\/nota\/wp-json\/wp\/v2\/posts\/84","targetHints":{"allow":["GET"]}}],"collection":[{"href":"https:\/\/radiowebmx.com\/nota\/wp-json\/wp\/v2\/posts"}],"about":[{"href":"https:\/\/radiowebmx.com\/nota\/wp-json\/wp\/v2\/types\/post"}],"author":[{"embeddable":true,"href":"https:\/\/radiowebmx.com\/nota\/wp-json\/wp\/v2\/users\/1"}],"replies":[{"embeddable":true,"href":"https:\/\/radiowebmx.com\/nota\/wp-json\/wp\/v2\/comments?post=84"}],"version-history":[{"count":1,"href":"https:\/\/radiowebmx.com\/nota\/wp-json\/wp\/v2\/posts\/84\/revisions"}],"predecessor-version":[{"id":85,"href":"https:\/\/radiowebmx.com\/nota\/wp-json\/wp\/v2\/posts\/84\/revisions\/85"}],"wp:attachment":[{"href":"https:\/\/radiowebmx.com\/nota\/wp-json\/wp\/v2\/media?parent=84"}],"wp:term":[{"taxonomy":"category","embeddable":true,"href":"https:\/\/radiowebmx.com\/nota\/wp-json\/wp\/v2\/categories?post=84"},{"taxonomy":"post_tag","embeddable":true,"href":"https:\/\/radiowebmx.com\/nota\/wp-json\/wp\/v2\/tags?post=84"}],"curies":[{"name":"wp","href":"https:\/\/api.w.org\/{rel}","templated":true}]}}