{"id":8366,"date":"2014-07-10T12:23:47","date_gmt":"2014-07-10T17:23:47","guid":{"rendered":"https:\/\/radiowebmx.com\/nota\/?p=8366"},"modified":"2014-07-10T12:23:47","modified_gmt":"2014-07-10T17:23:47","slug":"anuncian-la-programacion-de-verano-de-las-artes-michoacan-2014","status":"publish","type":"post","link":"https:\/\/radiowebmx.com\/nota\/anuncian-la-programacion-de-verano-de-las-artes-michoacan-2014\/","title":{"rendered":"ANUNCIAN LA PROGRAMACI\u00d3N DE \u201cVERANO DE LAS ARTES MICHOAC\u00c1N 2014\u201d"},"content":{"rendered":"<p><a href=\"https:\/\/radiowebmx.com\/nota\/wp-content\/uploads\/2014\/07\/tn_IMG_1456_Rueda-de-prensa-Artes-Verano-Cultural-Michoac\u00e1n-2014.jpg\"><img loading=\"lazy\" decoding=\"async\" class=\"alignleft size-full wp-image-8367\" alt=\"tn_IMG_1456_Rueda de prensa Artes, Verano Cultural Michoac\u00e1n 2014\" src=\"https:\/\/radiowebmx.com\/nota\/wp-content\/uploads\/2014\/07\/tn_IMG_1456_Rueda-de-prensa-Artes-Verano-Cultural-Michoac\u00e1n-2014.jpg\" width=\"591\" height=\"267\" srcset=\"https:\/\/radiowebmx.com\/nota\/wp-content\/uploads\/2014\/07\/tn_IMG_1456_Rueda-de-prensa-Artes-Verano-Cultural-Michoac\u00e1n-2014.jpg 591w, https:\/\/radiowebmx.com\/nota\/wp-content\/uploads\/2014\/07\/tn_IMG_1456_Rueda-de-prensa-Artes-Verano-Cultural-Michoac\u00e1n-2014-300x135.jpg 300w\" sizes=\"auto, (max-width: 591px) 100vw, 591px\" \/><\/a>Un total de 236 actividades art\u00edsticas en diferentes disciplinas conformar\u00e1n el \u201cVerano de las artes Michoac\u00e1n 2014\u201d, proyecto coordinado por la Secretar\u00eda de Cultura de Michoac\u00e1n a desarrollarse a lo largo de las 10 regiones de la entidad en julio y agosto, que incluir\u00e1 la presentaci\u00f3n de festivales internacionales de corte esc\u00e9nico, conciertos, exposiciones, y actividades de car\u00e1cter literario.<\/p>\n<p>&nbsp;<\/p>\n<p>En rueda de prensa, Marco Antonio Aguilar Cort\u00e9s, titular de la dependencia estatal expres\u00f3 que como parte de las actividades el pr\u00f3ximo 18 de julio se presentar\u00e1 un libro de gran formato sobre la obra de Mariano Matamoros en el marco del bicentenario de su fallecimiento.<\/p>\n<p>&nbsp;<\/p>\n<p>Ra\u00fal Olmos Torres, director de Promoci\u00f3n y Fomento, explic\u00f3 que se ha planeado un programa integral que abarcar\u00e1 a 80 por ciento de los municipios michoacanos y contempla acciones en las casas de la Cultura, paralibros y salas de lectura, as\u00ed como en recintos y espacios p\u00fablicos a fin de que la poblaci\u00f3n disfrute de una amplia variedad de actividades.<\/p>\n<p>&nbsp;<\/p>\n<p>Acompa\u00f1ado por Cardiela Amezcua, H\u00e9ctor Garc\u00eda Ch\u00e1vez, H\u00e9ctor Borges Palacios y Adri\u00e1n Renter\u00eda Marroqu\u00edn, responsables de los departamentos de Danza y Teatro; M\u00fasica, Literatura y Artes visuales respectivamente, Olmos Torres explic\u00f3 que a \u201cVerano Cultural Michoac\u00e1n\u201d se destin\u00f3 una inversi\u00f3n de 3 millones de pesos.<\/p>\n<p>&nbsp;<\/p>\n<p>Por lo que toca a las artes esc\u00e9nicas se llevar\u00e1 a cabo el XVII Festival Internacional de Danza Contempor\u00e1nea de Michoac\u00e1n, que contar\u00e1 con artistas internacionales, nacionales y una secci\u00f3n dedicada al talento michoacano. El festival tambi\u00e9n ofrecer\u00e1 un programa acad\u00e9mico con presentaciones de libros y revistas, talleres, clases maestras, mesas de di\u00e1logo y conferencias.<\/p>\n<p>&nbsp;<\/p>\n<p>El p\u00fablico tambi\u00e9n podr\u00e1 disfrutar del 10\u00b0 Festival Internacional de Mon\u00f3logos \u201cTeatro a una sola voz\u201d, del Festival Internacional de Teatro \u201cEscena abierta\u201d y del Festival Internacional de Globos de Cantoya.<\/p>\n<p>&nbsp;<\/p>\n<p>&nbsp;<\/p>\n<p>&nbsp;<\/p>\n<p>&nbsp;<\/p>\n<p>&nbsp;<\/p>\n<p>&nbsp;<\/p>\n<p>&nbsp;<\/p>\n<p>&nbsp;<\/p>\n<p>&nbsp;<\/p>\n<p>&nbsp;<\/p>\n<p>En el rubro de Literatura se llevar\u00e1 a cabo el curso \u201cEl libro impreso: anatom\u00eda, historia y cultura\u201d, en la Sala Alfredo Zalce de Centro Cultural Universitario. Corresponder\u00e1 a Jaime Labastida Ochoa ofrecer la conferencia inaugural el jueves 7 de agosto a las 12:00 horas en el Auditorio Nicolaita del Centro Cultural Universitario.<\/p>\n<p>&nbsp;<\/p>\n<p>Prosiguen las lecturas en voz alta dentro del ciclo \u201cleo\u2026luego existo\u201d y los homenajes al escritor Julio Cort\u00e1zar y al polit\u00f3logo e historiador Arnaldo C\u00f3rdova, recientemente fallecido.<\/p>\n<p>&nbsp;<\/p>\n<p>Otro de los eventos ser\u00e1 el Coloquio del Programa Nacional de Salas de Lectura, organizado por el Consejo Nacional para la Cultura y las Artes y la Secretar\u00eda de Cultura de Michoac\u00e1n.<\/p>\n<p>&nbsp;<\/p>\n<p>La m\u00fasica tambi\u00e9n estar\u00e1 presente a trav\u00e9s de las residencias art\u00edsticas que el\u00a0 pianista J\u00f3zef Olechowski\u00a0 ofrecer\u00e1 a la Orquesta Sinf\u00f3nica Infantil y Juvenil de Puru\u00e1ndiro, la Orquesta Sinf\u00f3nica Infantil y Juvenil de Tlalpujahua, la Orquesta Sinf\u00f3nica Infantil y Juvenil de Sahuayo, y la Orquesta Filarm\u00f3nica Juvenil de Morelia.<\/p>\n<p>&nbsp;<\/p>\n<p>J\u00f3zef Olechowski tambi\u00e9n se presentar\u00e1 en conciertos con las agrupaciones arriba mencionadas.<\/p>\n<p>&nbsp;<\/p>\n<p>Menci\u00f3n aparte merece la serie de conciertos que en el marco de su gira nacional, brindar\u00e1 la Orquesta Sinf\u00f3nica Infantil y Juvenil de M\u00e9xico. Las presentaciones se efectuar\u00e1n en los municipios de Zamora, Paracho y Apatzing\u00e1n.<\/p>\n<p>&nbsp;<\/p>\n<p>Exposiciones de fotograf\u00eda, pintura y escultura de la autor\u00eda de diferentes creadores llegar\u00e1n a recintos ubicados al interior del estado, entre ellos la Galer\u00eda de Cristal del Centro Regional de las Artes de Michoac\u00e1n, localizado en Zamora, que albergar\u00e1 obra de artistas locales y del Sal\u00f3n de la Pl\u00e1stica Mexicana.<\/p>\n","protected":false},"excerpt":{"rendered":"<p>Un total de 236 actividades art\u00edsticas en diferentes disciplinas conformar\u00e1n el \u201cVerano de las artes Michoac\u00e1n 2014\u201d, proyecto coordinado por la Secretar\u00eda de Cultura de Michoac\u00e1n a desarrollarse a lo largo de las 10 regiones de la entidad en julio y agosto, <\/p>\n","protected":false},"author":1,"featured_media":8367,"comment_status":"open","ping_status":"open","sticky":false,"template":"","format":"standard","meta":{"footnotes":""},"categories":[14,3],"tags":[],"class_list":["post-8366","post","type-post","status-publish","format-standard","has-post-thumbnail","hentry","category-destacadas","category-gobierno-del-estado-de-michoacan"],"_links":{"self":[{"href":"https:\/\/radiowebmx.com\/nota\/wp-json\/wp\/v2\/posts\/8366","targetHints":{"allow":["GET"]}}],"collection":[{"href":"https:\/\/radiowebmx.com\/nota\/wp-json\/wp\/v2\/posts"}],"about":[{"href":"https:\/\/radiowebmx.com\/nota\/wp-json\/wp\/v2\/types\/post"}],"author":[{"embeddable":true,"href":"https:\/\/radiowebmx.com\/nota\/wp-json\/wp\/v2\/users\/1"}],"replies":[{"embeddable":true,"href":"https:\/\/radiowebmx.com\/nota\/wp-json\/wp\/v2\/comments?post=8366"}],"version-history":[{"count":2,"href":"https:\/\/radiowebmx.com\/nota\/wp-json\/wp\/v2\/posts\/8366\/revisions"}],"predecessor-version":[{"id":8369,"href":"https:\/\/radiowebmx.com\/nota\/wp-json\/wp\/v2\/posts\/8366\/revisions\/8369"}],"wp:featuredmedia":[{"embeddable":true,"href":"https:\/\/radiowebmx.com\/nota\/wp-json\/wp\/v2\/media\/8367"}],"wp:attachment":[{"href":"https:\/\/radiowebmx.com\/nota\/wp-json\/wp\/v2\/media?parent=8366"}],"wp:term":[{"taxonomy":"category","embeddable":true,"href":"https:\/\/radiowebmx.com\/nota\/wp-json\/wp\/v2\/categories?post=8366"},{"taxonomy":"post_tag","embeddable":true,"href":"https:\/\/radiowebmx.com\/nota\/wp-json\/wp\/v2\/tags?post=8366"}],"curies":[{"name":"wp","href":"https:\/\/api.w.org\/{rel}","templated":true}]}}