{"id":8354,"date":"2014-07-10T11:38:46","date_gmt":"2014-07-10T16:38:46","guid":{"rendered":"https:\/\/radiowebmx.com\/nota\/?p=8354"},"modified":"2014-07-10T11:38:46","modified_gmt":"2014-07-10T16:38:46","slug":"scop-apoyara-con-maquinaria-al-municipio-de-mugica","status":"publish","type":"post","link":"https:\/\/radiowebmx.com\/nota\/scop-apoyara-con-maquinaria-al-municipio-de-mugica\/","title":{"rendered":"SCOP APOYAR\u00c1 CON MAQUINARIA AL MUNICIPIO DE M\u00daGICA"},"content":{"rendered":"<p><a href=\"https:\/\/radiowebmx.com\/nota\/wp-content\/uploads\/2014\/07\/IMG_9604.jpg\"><img loading=\"lazy\" decoding=\"async\" class=\"alignleft size-full wp-image-8355\" alt=\"IMG_9604\" src=\"https:\/\/radiowebmx.com\/nota\/wp-content\/uploads\/2014\/07\/IMG_9604.jpg\" width=\"591\" height=\"318\" srcset=\"https:\/\/radiowebmx.com\/nota\/wp-content\/uploads\/2014\/07\/IMG_9604.jpg 591w, https:\/\/radiowebmx.com\/nota\/wp-content\/uploads\/2014\/07\/IMG_9604-300x161.jpg 300w\" sizes=\"auto, (max-width: 591px) 100vw, 591px\" \/><\/a>Con el prop\u00f3sito de coadyuvar en el restablecimiento de las v\u00edas de comunicaci\u00f3n y otros servicios en beneficio de los habitantes del municipio de M\u00fagica que se vieron afectados por las intensas lluvias de los \u00faltimos d\u00edas, el Gobierno del Estado a trav\u00e9s de la Secretar\u00eda de Comunicaciones y Obras P\u00fablicas, enviar\u00e1 maquinaria de apoyo a la autoridad municipal.<\/p>\n<p>&nbsp;<\/p>\n<p>Este mi\u00e9rcoles personal de la SCOP sostuvo una reuni\u00f3n con el presidente municipal Casimiro Quezada Casillas e integrantes del Cabildo, en la cual se analizaron los da\u00f1os ocasionados por las precipitaciones pluviales registradas el pasado fin de semana, as\u00ed como las acciones de apoyo que efectuar\u00e1 la Secretar\u00eda, entre las que destacan labores de desazolve y limpieza en los sitios en que el agua arrastr\u00f3 material p\u00e9treo a las calles y hogares.<\/p>\n<p>&nbsp;<\/p>\n<p>Durante esta visita de trabajo, se realiz\u00f3 un recorrido por las zonas siniestradas ante la creciente del agua dentro de la cabecera municipal y zonas aleda\u00f1as, ante lo cual se determin\u00f3 el env\u00edo de maquinaria pesada.<\/p>\n<p>&nbsp;<\/p>\n<p>As\u00ed, por instrucci\u00f3n del secretario de Obras P\u00fablicas, Francisco \u00c1ngel Gonz\u00e1lez Ochoa, se enviar\u00e1n a M\u00fagica dos camiones de volteo, una motoconformadora, un cargador frontal y un tractocami\u00f3n con plataforma, equipo que respaldar\u00e1 las labores del Ayuntamiento para reconstruir el patrimonio afectado.<\/p>\n<p>&nbsp;<\/p>\n<p>Cabe resaltar que este apoyo permitir\u00e1 al municipio ahorros por cerca de 150 mil pesos, que equivalen a la renta de la maquinaria y los insumos para la operaci\u00f3n de la misma.<\/p>\n<p>&nbsp;<\/p>\n<p>De acuerdo al informe de las autoridades municipales, las intensas precipitaciones pluviales no ocasionaron por fortuna la p\u00e9rdida de vidas humanas, pero s\u00ed afectaron las viviendas de m\u00e1s de 50 familias.<\/p>\n<p>&nbsp;<\/p>\n<p>&nbsp;<\/p>\n","protected":false},"excerpt":{"rendered":"<p>Con el prop\u00f3sito de coadyuvar en el restablecimiento de las v\u00edas de comunicaci\u00f3n y otros servicios en beneficio de los habitantes del municipio de M\u00fagica que se vieron afectados por las intensas lluvias de los \u00faltimos d\u00edas, <\/p>\n","protected":false},"author":1,"featured_media":8355,"comment_status":"open","ping_status":"open","sticky":false,"template":"","format":"standard","meta":{"footnotes":""},"categories":[14,3],"tags":[],"class_list":["post-8354","post","type-post","status-publish","format-standard","has-post-thumbnail","hentry","category-destacadas","category-gobierno-del-estado-de-michoacan"],"_links":{"self":[{"href":"https:\/\/radiowebmx.com\/nota\/wp-json\/wp\/v2\/posts\/8354","targetHints":{"allow":["GET"]}}],"collection":[{"href":"https:\/\/radiowebmx.com\/nota\/wp-json\/wp\/v2\/posts"}],"about":[{"href":"https:\/\/radiowebmx.com\/nota\/wp-json\/wp\/v2\/types\/post"}],"author":[{"embeddable":true,"href":"https:\/\/radiowebmx.com\/nota\/wp-json\/wp\/v2\/users\/1"}],"replies":[{"embeddable":true,"href":"https:\/\/radiowebmx.com\/nota\/wp-json\/wp\/v2\/comments?post=8354"}],"version-history":[{"count":1,"href":"https:\/\/radiowebmx.com\/nota\/wp-json\/wp\/v2\/posts\/8354\/revisions"}],"predecessor-version":[{"id":8356,"href":"https:\/\/radiowebmx.com\/nota\/wp-json\/wp\/v2\/posts\/8354\/revisions\/8356"}],"wp:featuredmedia":[{"embeddable":true,"href":"https:\/\/radiowebmx.com\/nota\/wp-json\/wp\/v2\/media\/8355"}],"wp:attachment":[{"href":"https:\/\/radiowebmx.com\/nota\/wp-json\/wp\/v2\/media?parent=8354"}],"wp:term":[{"taxonomy":"category","embeddable":true,"href":"https:\/\/radiowebmx.com\/nota\/wp-json\/wp\/v2\/categories?post=8354"},{"taxonomy":"post_tag","embeddable":true,"href":"https:\/\/radiowebmx.com\/nota\/wp-json\/wp\/v2\/tags?post=8354"}],"curies":[{"name":"wp","href":"https:\/\/api.w.org\/{rel}","templated":true}]}}