{"id":8348,"date":"2014-07-09T16:01:53","date_gmt":"2014-07-09T21:01:53","guid":{"rendered":"https:\/\/radiowebmx.com\/nota\/?p=8348"},"modified":"2014-07-09T16:01:53","modified_gmt":"2014-07-09T21:01:53","slug":"se-suma-fonatur-al-plan-de-gran-vision-de-michoacan","status":"publish","type":"post","link":"https:\/\/radiowebmx.com\/nota\/se-suma-fonatur-al-plan-de-gran-vision-de-michoacan\/","title":{"rendered":"Se suma FONATUR al Plan de Gran Visi\u00f3n de Michoac\u00e1n"},"content":{"rendered":"<p><a href=\"https:\/\/radiowebmx.com\/nota\/wp-content\/uploads\/2014\/07\/4-1.jpg\"><img loading=\"lazy\" decoding=\"async\" class=\"alignleft size-full wp-image-8349\" alt=\"4 (1)\" src=\"https:\/\/radiowebmx.com\/nota\/wp-content\/uploads\/2014\/07\/4-1.jpg\" width=\"591\" height=\"287\" srcset=\"https:\/\/radiowebmx.com\/nota\/wp-content\/uploads\/2014\/07\/4-1.jpg 591w, https:\/\/radiowebmx.com\/nota\/wp-content\/uploads\/2014\/07\/4-1-300x145.jpg 300w\" sizes=\"auto, (max-width: 591px) 100vw, 591px\" \/><\/a>En coordinaci\u00f3n con el Gobierno del Estado, el Fondo Nacional de Turismo (FONATUR) en marcha el Plan de Gran Visi\u00f3n de Michoac\u00e1n, en el que destaca una primera etapa de identificaci\u00f3n de zonas con potencial para desarrollar proyectos detonadores de turismo.<\/p>\n<p>&nbsp;<\/p>\n<p>As\u00ed lo dio a conocer el\u00a0secretario de Turismo estatal, Roberto Monroy Garc\u00eda en gira de trabajo con el sub director de Generaci\u00f3n de Proyectos y Asistencia T\u00e9cnica del FONATUR,\u00a0C\u00e9sar\u00a0Ram\u00f3n\u00a0A\u00f1orve\u00a0S\u00e1nchez y con Jorge Ram\u00edrez de Aguilar, enlace de la Secretar\u00eda Federal de Turismo para el Plan Michoac\u00e1n, por las regiones de Los Azufres y la Costa Michoacana.<\/p>\n<p>&nbsp;<\/p>\n<p>Monroy Garc\u00eda puntualiz\u00f3 que esta etapa se trata de la identificaci\u00f3n de espacios para el desarrollo de Parques P\u00fablicos que impulsen el despegue de la infraestructura tur\u00edstica que ya existe. Con ese motivo visitaron espacios naturales en la zona de Los Azufres, tanto para constatar el tipo de infraestructura con que cuenta la regi\u00f3n, como para observar los terrenos que har\u00edan factible el arranque de los proyectos.<\/p>\n<p>&nbsp;<\/p>\n<p>En la Costa visitaron La Ticla, Ixtapilla, Playa Azul y recorrieron el Boulevard Costero Playa Azul, Playa Er\u00e9ndira, en donde se ubican los esteros Barra de Santana y Barra de Pichi.<\/p>\n<p>&nbsp;<\/p>\n<p>Por su parte C\u00e9sar A\u00f1orve inform\u00f3 que en la estrategia federal para reactivar la infraestructura de servicios con que cuenta la entidad, destaca por su importancia el segmento de Proyectos de Parques P\u00fablicos para Zonas Naturales y Playas.<\/p>\n<p>&nbsp;<\/p>\n<p>\u201cQueremos identificar zonas con potencial para poder instalar esos parques p\u00fablicos en playa o en zona natural\u201d. Indic\u00f3 adem\u00e1s que \u201cestamos en el proceso de identificaci\u00f3n de posibles alternativas y esperamos hacer los estudios en este a\u00f1o y el que entra, para empezar a arrancar las obras en el 2015\u201d.<\/p>\n<p>&nbsp;<\/p>\n<p>Adicionalmente, de acuerdo con el Programa Nacional de Infraestructura y el Plan Michoac\u00e1n, est\u00e1 en proceso el proyecto de San Jos\u00e9 Pur\u00faa, en donde el Gobierno Federal estableci\u00f3 el compromiso de reactivarlo en el corto plazo. La intenci\u00f3n es rehabilitar el hotel y el balneario y convertirlos en un spa de alto nivel para el turismo, no solamente de la regi\u00f3n, sino de todo el pa\u00eds y eventualmente internacional, considerando como un mercado importante el de los paisanos que viven en los Estados Unidos.<\/p>\n<p>&nbsp;<\/p>\n<p>El Fondo Nacional para el Turismo, es el \u00f3rgano responsable de la planeaci\u00f3n y desarrollo de proyectos tur\u00edsticos sustentables de impacto nacional. Se encarga as\u00ed mismo de fomentar la inversi\u00f3n en la industria tur\u00edstica.<\/p>\n","protected":false},"excerpt":{"rendered":"<p>En coordinaci\u00f3n con el Gobierno del Estado, el Fondo Nacional de Turismo (FONATUR) en marcha el Plan de Gran Visi\u00f3n de Michoac\u00e1n, en el que destaca una primera etapa de identificaci\u00f3n de zonas con potencial para desarrollar proyectos detonadores de turismo.<\/p>\n","protected":false},"author":1,"featured_media":8349,"comment_status":"open","ping_status":"open","sticky":false,"template":"","format":"standard","meta":{"footnotes":""},"categories":[14,3],"tags":[],"class_list":["post-8348","post","type-post","status-publish","format-standard","has-post-thumbnail","hentry","category-destacadas","category-gobierno-del-estado-de-michoacan"],"_links":{"self":[{"href":"https:\/\/radiowebmx.com\/nota\/wp-json\/wp\/v2\/posts\/8348","targetHints":{"allow":["GET"]}}],"collection":[{"href":"https:\/\/radiowebmx.com\/nota\/wp-json\/wp\/v2\/posts"}],"about":[{"href":"https:\/\/radiowebmx.com\/nota\/wp-json\/wp\/v2\/types\/post"}],"author":[{"embeddable":true,"href":"https:\/\/radiowebmx.com\/nota\/wp-json\/wp\/v2\/users\/1"}],"replies":[{"embeddable":true,"href":"https:\/\/radiowebmx.com\/nota\/wp-json\/wp\/v2\/comments?post=8348"}],"version-history":[{"count":1,"href":"https:\/\/radiowebmx.com\/nota\/wp-json\/wp\/v2\/posts\/8348\/revisions"}],"predecessor-version":[{"id":8350,"href":"https:\/\/radiowebmx.com\/nota\/wp-json\/wp\/v2\/posts\/8348\/revisions\/8350"}],"wp:featuredmedia":[{"embeddable":true,"href":"https:\/\/radiowebmx.com\/nota\/wp-json\/wp\/v2\/media\/8349"}],"wp:attachment":[{"href":"https:\/\/radiowebmx.com\/nota\/wp-json\/wp\/v2\/media?parent=8348"}],"wp:term":[{"taxonomy":"category","embeddable":true,"href":"https:\/\/radiowebmx.com\/nota\/wp-json\/wp\/v2\/categories?post=8348"},{"taxonomy":"post_tag","embeddable":true,"href":"https:\/\/radiowebmx.com\/nota\/wp-json\/wp\/v2\/tags?post=8348"}],"curies":[{"name":"wp","href":"https:\/\/api.w.org\/{rel}","templated":true}]}}