{"id":8327,"date":"2014-07-09T15:13:45","date_gmt":"2014-07-09T20:13:45","guid":{"rendered":"https:\/\/radiowebmx.com\/nota\/?p=8327"},"modified":"2014-07-09T15:13:45","modified_gmt":"2014-07-09T20:13:45","slug":"la-mediacion-y-justicia-restaurativa-ganan-cada-vez-mas-espacio-en-la-sociedad-pilar-chavez-franco","status":"publish","type":"post","link":"https:\/\/radiowebmx.com\/nota\/la-mediacion-y-justicia-restaurativa-ganan-cada-vez-mas-espacio-en-la-sociedad-pilar-chavez-franco\/","title":{"rendered":"La mediaci\u00f3n y justicia restaurativa ganan cada vez m\u00e1s espacio en la sociedad: Pilar Ch\u00e1vez Franco"},"content":{"rendered":"<p><a href=\"https:\/\/radiowebmx.com\/nota\/wp-content\/uploads\/2014\/07\/12.jpg\"><img loading=\"lazy\" decoding=\"async\" class=\"alignleft size-full wp-image-8328\" alt=\"1\" src=\"https:\/\/radiowebmx.com\/nota\/wp-content\/uploads\/2014\/07\/12.jpg\" width=\"591\" height=\"292\" srcset=\"https:\/\/radiowebmx.com\/nota\/wp-content\/uploads\/2014\/07\/12.jpg 591w, https:\/\/radiowebmx.com\/nota\/wp-content\/uploads\/2014\/07\/12-300x148.jpg 300w\" sizes=\"auto, (max-width: 591px) 100vw, 591px\" \/><\/a>El fin m\u00e1ximo de la mediaci\u00f3n es aportar a la reconstrucci\u00f3n de fondo del tejido social, al tiempo que ayuda para aligerar la carga de asuntos en los juzgados y con ello a la agilidad en los procesos, explic\u00f3 Pilar Ch\u00e1vez Franco, directora del Centro de Mediaci\u00f3n y Conciliaci\u00f3n del Poder Judicial de Michoac\u00e1n.<\/p>\n<p>Al compartir su experiencia de participar en el Primer Congreso Nacional de Mecanismos Alternativos de Soluci\u00f3n de Conflictos, organizado por la Comisi\u00f3n Nacional de Tribunales Superiores de Justicia de los Estados Unidos Mexicanos (CONATRIB), Pilar Ch\u00e1vez se\u00f1al\u00f3 que el Congreso \u201cfue de gran relevancia ya que responde a la inquietud y trabajo de seguimiento por parte de la CONATRIB para la implementaci\u00f3n de la mediaci\u00f3n en los estados\u201d.<\/p>\n<p>Participaron m\u00e1s de 300 mediadores y 23 directores de centros de mediaci\u00f3n a trav\u00e9s de mesas de trabajo, y enriquecieron sus conocimientos en las conferencias magistrales, como la impartida por Howard Zehr, especialista en la materia y con una destacada trayectoria en la creaci\u00f3n de programas de mediaci\u00f3n en Estados Unidos.<\/p>\n<p>\u201cDurante la conferencia pudimos constatar el uso que tiene la mediaci\u00f3n y justicia restaurativa en pa\u00edses como Espa\u00f1a y Estados Unidos, donde es vista como una parte de un sistema y cuyo objetivo es restaurar de fondo el tejido social; es por esto que independientemente de que una persona est\u00e9 sentenciada y cumpliendo una pena, se realiza ese proceso restaurativo de fondo\u201d, dijo.<\/p>\n<p>Sobre el tema, se\u00f1al\u00f3 que en materia penal, en Michoac\u00e1n \u201cse han tenido resultados positivos, lejos de las creencias sociales de que las v\u00edctimas de un delito penal no quieren saber nada de la persona que le caus\u00f3 da\u00f1o, s\u00ed existe la necesidad de aclarar dudas, o incertidumbres a las que s\u00f3lo el agresor puede dar respuesta, e incluso generar la catarsis entre ambas partes del porqu\u00e9 del da\u00f1o\u201d.<\/p>\n<p>A\u00f1adi\u00f3 que aproximadamente el 80% de los casos que llegan al Centro de Mediaci\u00f3n de Morelia son resueltos a trav\u00e9s de medios alternos de soluci\u00f3n de conflictos, lo que demuestra que las personas s\u00ed contemplan la mediaci\u00f3n para resolver sus asuntos, y cada vez es m\u00e1s frecuente este servicio.<\/p>\n<p>Finalmente, Ch\u00e1vez Franco explic\u00f3 que la mediaci\u00f3n en M\u00e9xico, por el contexto que se vive en el marco de implementaci\u00f3n de la Reforma penal, forma parte importante de esta nueva manera de impartir justicia.<\/p>\n<p>&nbsp;<\/p>\n<p>&nbsp;<\/p>\n","protected":false},"excerpt":{"rendered":"<p>El fin m\u00e1ximo de la mediaci\u00f3n es aportar a la reconstrucci\u00f3n de fondo del tejido social, al tiempo que ayuda para aligerar la carga de asuntos en los juzgados y con ello a la agilidad en los procesos, explic\u00f3 Pilar Ch\u00e1vez Franco, directora del Centro de Mediaci\u00f3n y Conciliaci\u00f3n del Poder Judicial de Michoac\u00e1n.<\/p>\n","protected":false},"author":1,"featured_media":8328,"comment_status":"open","ping_status":"open","sticky":false,"template":"","format":"standard","meta":{"footnotes":""},"categories":[14,3],"tags":[],"class_list":["post-8327","post","type-post","status-publish","format-standard","has-post-thumbnail","hentry","category-destacadas","category-gobierno-del-estado-de-michoacan"],"_links":{"self":[{"href":"https:\/\/radiowebmx.com\/nota\/wp-json\/wp\/v2\/posts\/8327","targetHints":{"allow":["GET"]}}],"collection":[{"href":"https:\/\/radiowebmx.com\/nota\/wp-json\/wp\/v2\/posts"}],"about":[{"href":"https:\/\/radiowebmx.com\/nota\/wp-json\/wp\/v2\/types\/post"}],"author":[{"embeddable":true,"href":"https:\/\/radiowebmx.com\/nota\/wp-json\/wp\/v2\/users\/1"}],"replies":[{"embeddable":true,"href":"https:\/\/radiowebmx.com\/nota\/wp-json\/wp\/v2\/comments?post=8327"}],"version-history":[{"count":2,"href":"https:\/\/radiowebmx.com\/nota\/wp-json\/wp\/v2\/posts\/8327\/revisions"}],"predecessor-version":[{"id":8330,"href":"https:\/\/radiowebmx.com\/nota\/wp-json\/wp\/v2\/posts\/8327\/revisions\/8330"}],"wp:featuredmedia":[{"embeddable":true,"href":"https:\/\/radiowebmx.com\/nota\/wp-json\/wp\/v2\/media\/8328"}],"wp:attachment":[{"href":"https:\/\/radiowebmx.com\/nota\/wp-json\/wp\/v2\/media?parent=8327"}],"wp:term":[{"taxonomy":"category","embeddable":true,"href":"https:\/\/radiowebmx.com\/nota\/wp-json\/wp\/v2\/categories?post=8327"},{"taxonomy":"post_tag","embeddable":true,"href":"https:\/\/radiowebmx.com\/nota\/wp-json\/wp\/v2\/tags?post=8327"}],"curies":[{"name":"wp","href":"https:\/\/api.w.org\/{rel}","templated":true}]}}