{"id":8309,"date":"2014-07-08T12:06:13","date_gmt":"2014-07-08T17:06:13","guid":{"rendered":"https:\/\/radiowebmx.com\/nota\/?p=8309"},"modified":"2014-07-08T12:06:13","modified_gmt":"2014-07-08T17:06:13","slug":"relanzaran-campana-de-promocion-de-michoacan-para-atraccion-de-inversiones","status":"publish","type":"post","link":"https:\/\/radiowebmx.com\/nota\/relanzaran-campana-de-promocion-de-michoacan-para-atraccion-de-inversiones\/","title":{"rendered":"RELANZAR\u00c1N CAMPA\u00d1A DE PROMOCI\u00d3N DE MICHOAC\u00c1N PARA ATRACCI\u00d3N DE INVERSIONES"},"content":{"rendered":"<p><a href=\"https:\/\/radiowebmx.com\/nota\/wp-content\/uploads\/2014\/07\/DSC_9527.jpg\"><img loading=\"lazy\" decoding=\"async\" class=\"alignleft size-full wp-image-8310\" alt=\"DSC_9527\" src=\"https:\/\/radiowebmx.com\/nota\/wp-content\/uploads\/2014\/07\/DSC_9527.jpg\" width=\"591\" height=\"311\" srcset=\"https:\/\/radiowebmx.com\/nota\/wp-content\/uploads\/2014\/07\/DSC_9527.jpg 591w, https:\/\/radiowebmx.com\/nota\/wp-content\/uploads\/2014\/07\/DSC_9527-300x157.jpg 300w\" sizes=\"auto, (max-width: 591px) 100vw, 591px\" \/><\/a>El gobernador del estado, Salvador Jara Guerrero, celebr\u00f3 el anuncio hecho en Uruapan por el secretario de Econom\u00eda, Ildefonso Guajardo Villareal, de que en septiembre iniciar\u00e1 una campa\u00f1a de promoci\u00f3n de Michoac\u00e1n para atraer inversionistas extranjeros que ya operan en el pa\u00eds, as\u00ed como nacionales, a quienes se les mostrar\u00e1n los grandes talentos y capacidades de desarrollo con que cuenta la entidad para que aprovechen las oportunidades que aqu\u00ed se ofrecen.<\/p>\n<p>\u201cSentimos el cari\u00f1o del gobierno federal, nos sentimos muy arropados\u201d, asegur\u00f3 Jara Guerrero durante la ceremonia de entrega de apoyos a proyectos beneficiados de las convocatorias de los Programas del Instituto Nacional de la Econom\u00eda Social en Michoac\u00e1n.<\/p>\n<p>El mandatario estatal festej\u00f3 que las autoridades federales contin\u00faen respaldando los esfuerzos del gobierno estatal e inform\u00f3 que a trav\u00e9s del Instituto Nacional de la Econom\u00eda Social (INAES) se entregaron m\u00e1s de 60 millones de pesos entre 2013 y 2014, \u201cen el presente a\u00f1o llevamos 13 millones, m\u00e1s 9 millones hoy, y hay que multiplicar por tres para alcanzar la meta, esto es una muestra clar\u00edsima del apoyo \u2013 del Gobierno Federal-\u201d, destac\u00f3.<\/p>\n<p>Salvador Jara refiri\u00f3 la importancia de aplicar recursos a favor de los diversos segmentos de la poblaci\u00f3n como mujeres, j\u00f3venes y grupos vulnerables porque significa \u201cdarles alas, que vuelen, que sean exitosos\u201d.<\/p>\n<p>El gobernador hizo hincapi\u00e9 en que los cr\u00e9ditos que se entregan permitir\u00e1n el desarrollo econ\u00f3mico de las familias \u201cpara que vean que tenemos michoacanas y michoacanos de \u00e9xito\u201d.<\/p>\n<p>En este sentido indic\u00f3 que las mujeres cumplen m\u00e1s con la ley porque tienen mayor conciencia de los valores y de las obligaciones, \u201ctenemos que ser como las michoacanas, apoyarnos en el valor moral que tienen\u201d, expuso.<\/p>\n<p>En lo que fue la tercera visita oficial del gobernador a Uruapan, hizo entrega, junto con el titular de SE, de apoyos a proyectos como: una granja de ciclo completo de porcino, producci\u00f3n de abono org\u00e1nico, macrot\u00faneles para una huerta de zarzamora, reciclaje de pl\u00e1stico, instalaci\u00f3n de una cafeter\u00eda, elaboraci\u00f3n muebles, producci\u00f3n de hongo, y ferreter\u00edas.<\/p>\n<p>&nbsp;<\/p>\n<p>Por su parte, Guajardo Villareal sostuvo que en septiembre iniciar\u00e1 un relanzamiento de la promoci\u00f3n en materia de inversiones para Michoac\u00e1n para atraer empresarios extranjeros que ya invierten en el pa\u00eds y a los nacionales.<\/p>\n<p>Resalt\u00f3 que se han duplicado y triplicado la intensidad de los cr\u00e9ditos a trav\u00e9s del Instituto Nacional del Emprendedor (INADEM), en tanto que expuso que de acuerdo a la ley de Econom\u00eda Social se apoya en tres pilares, privado, p\u00fablico y social, \u00a0por lo que es necesario rescatar el capital social y atender los rubros de exportaci\u00f3n y manufactura para disminuir el rezago de las comunidades, para lo cual se cuenta con 2 mil 400 millones de pesos a nivel nacional.<\/p>\n<p>Durante 2013, se otorgaron en el pa\u00eds, 10 mil 393 apoyos por medio de 14 convocatorias, por un monto de 2 mil 70 millones 958 mil 843 pesos.<\/p>\n<p>En tanto que explic\u00f3 que las emprendedoras son las que mejor pagan sus compromisos, el 97 por ciento de cr\u00e9ditos que son otorgados a mujeres son pagados en tiempo y forma, se\u00f1al\u00f3.<\/p>\n<p>Sobre la apertura de mercados a nivel internacional dijo que se realiza un gran esfuerzo para impulsar el aguacate como un producto de excelencia debido a que en esta regi\u00f3n se produce de un 85 a un 90 por ciento del total que se exporta.<\/p>\n<p>El presidente municipal de Uruapan, Aldo Mac\u00edas Alejandres, agradeci\u00f3 el apoyo a\u00a0 las personas que m\u00e1s requieren un trabajo digno y honesto, porque les significa una oportunidad para salir adelante.<\/p>\n<p>En el Club de Fomento Industrial, donde hubo una exposici\u00f3n de los negocios emprendidos, la directora general del INAES, Narcedalia Ram\u00edrez Pineda, consider\u00f3 que se honra un compromiso presidencial m\u00e1s, fortaleciendo una de las estrategias m\u00e1s importantes en el marco de la Cruzada Nacional contra el Hambre y se refuerza la organizaci\u00f3n econ\u00f3mica con visi\u00f3n empresarial y corresponsabilidad, que inicia con una etapa de capacitaci\u00f3n, colaboraci\u00f3n, asesor\u00eda y asistencia t\u00e9cnica.<\/p>\n<p>A nombre de los beneficiarios de los Grupos Vulnerables, la responsable del grupo \u201cLa Gaviota\u201d, Martha Robles Quezada, agradeci\u00f3 por los recursos recibidos e intercedi\u00f3 porque mayor n\u00famero de personas reciban beneficios similares.<\/p>\n<p>A su vez, Venia Medina Rojas, beneficiaria de los Apoyos de INAES y Representante de los Municipios del Programa para la Prevenci\u00f3n Social de la Violencia y la Delincuencia, expuso su agradecimiento por el valioso aporte hecho por las autoridades.<\/p>\n<p>Asistieron al evento, el titular de la Comisi\u00f3n de Mejora Regulatoria, Virgilio Andrade Mart\u00ednez; el senador Ascensi\u00f3n Orihuela B\u00e1rcenas; el subsecretario de Comercio Exterior, Francisco Leopoldo de Rosenzweig Mendialdua; el coordinador general de<\/p>\n<p>&nbsp;<\/p>\n<p>delegaciones federales de la SE, Jorge Cant\u00fa Balderrama; el presidente del Instituto Nacional del Emprendedor, Enrique Jacob Rocha; el presidente del Consejo Nacional Agropecuario, Benjam\u00edn Grayeb Ruiz; la representante estatal del INAES, M\u00f3nica Berenice S\u00e1nchez; la delegada de la SE, Diana Gabriela Hern\u00e1ndez Lomel\u00ed, as\u00ed como legisladores federales y locales.<\/p>\n","protected":false},"excerpt":{"rendered":"<p>El gobernador del estado, Salvador Jara Guerrero, celebr\u00f3 el anuncio hecho en Uruapan por el secretario de Econom\u00eda, Ildefonso Guajardo Villareal, de que en septiembre iniciar\u00e1 una campa\u00f1a de promoci\u00f3n de Michoac\u00e1n para atraer inversionistas extranjeros que ya operan en el pa\u00eds, as\u00ed como nacionales,<\/p>\n","protected":false},"author":1,"featured_media":8310,"comment_status":"open","ping_status":"open","sticky":false,"template":"","format":"standard","meta":{"footnotes":""},"categories":[14,3],"tags":[],"class_list":["post-8309","post","type-post","status-publish","format-standard","has-post-thumbnail","hentry","category-destacadas","category-gobierno-del-estado-de-michoacan"],"_links":{"self":[{"href":"https:\/\/radiowebmx.com\/nota\/wp-json\/wp\/v2\/posts\/8309","targetHints":{"allow":["GET"]}}],"collection":[{"href":"https:\/\/radiowebmx.com\/nota\/wp-json\/wp\/v2\/posts"}],"about":[{"href":"https:\/\/radiowebmx.com\/nota\/wp-json\/wp\/v2\/types\/post"}],"author":[{"embeddable":true,"href":"https:\/\/radiowebmx.com\/nota\/wp-json\/wp\/v2\/users\/1"}],"replies":[{"embeddable":true,"href":"https:\/\/radiowebmx.com\/nota\/wp-json\/wp\/v2\/comments?post=8309"}],"version-history":[{"count":2,"href":"https:\/\/radiowebmx.com\/nota\/wp-json\/wp\/v2\/posts\/8309\/revisions"}],"predecessor-version":[{"id":8312,"href":"https:\/\/radiowebmx.com\/nota\/wp-json\/wp\/v2\/posts\/8309\/revisions\/8312"}],"wp:featuredmedia":[{"embeddable":true,"href":"https:\/\/radiowebmx.com\/nota\/wp-json\/wp\/v2\/media\/8310"}],"wp:attachment":[{"href":"https:\/\/radiowebmx.com\/nota\/wp-json\/wp\/v2\/media?parent=8309"}],"wp:term":[{"taxonomy":"category","embeddable":true,"href":"https:\/\/radiowebmx.com\/nota\/wp-json\/wp\/v2\/categories?post=8309"},{"taxonomy":"post_tag","embeddable":true,"href":"https:\/\/radiowebmx.com\/nota\/wp-json\/wp\/v2\/tags?post=8309"}],"curies":[{"name":"wp","href":"https:\/\/api.w.org\/{rel}","templated":true}]}}