{"id":8296,"date":"2014-07-08T11:48:28","date_gmt":"2014-07-08T16:48:28","guid":{"rendered":"https:\/\/radiowebmx.com\/nota\/?p=8296"},"modified":"2014-07-08T11:48:41","modified_gmt":"2014-07-08T16:48:41","slug":"resolutivo-del-juicio-de-amparo-en-contra-del-congreso-del-estado-por-actos-de-autoridad","status":"publish","type":"post","link":"https:\/\/radiowebmx.com\/nota\/resolutivo-del-juicio-de-amparo-en-contra-del-congreso-del-estado-por-actos-de-autoridad\/","title":{"rendered":"Resolutivo del juicio de amparo en contra del Congreso del Estado por actos de autoridad"},"content":{"rendered":"<p><a href=\"https:\/\/radiowebmx.com\/nota\/wp-content\/uploads\/2014\/07\/foto-2.jpg\"><img loading=\"lazy\" decoding=\"async\" class=\"alignleft size-full wp-image-8297\" alt=\"foto-2\" src=\"https:\/\/radiowebmx.com\/nota\/wp-content\/uploads\/2014\/07\/foto-2.jpg\" width=\"591\" height=\"288\" srcset=\"https:\/\/radiowebmx.com\/nota\/wp-content\/uploads\/2014\/07\/foto-2.jpg 591w, https:\/\/radiowebmx.com\/nota\/wp-content\/uploads\/2014\/07\/foto-2-300x146.jpg 300w\" sizes=\"auto, (max-width: 591px) 100vw, 591px\" \/><\/a>Los consejos econ\u00f3micos y sociales son \u00f3rganos de Estado constituidos en pr\u00e1cticamente en todas las democracias europeas, y cada vez m\u00e1s en democracias avanzadas de diferentes regiones del mundo. Su prop\u00f3sito es constituirse en representaci\u00f3n de los diferentes sectores de la sociedad, con car\u00e1cter consultivo y no vinculante, ante los poderes formales del Estado.<\/p>\n<p>&nbsp;<\/p>\n<p>En el caso de M\u00e9xico en mayo del 2005 se instal\u00f3 el Consejo Econ\u00f3mico y Social del Estado de Jalisco, por ordenamiento de la Ley en la materia que se aprob\u00f3 por el Congreso Local de esa entidad en agosto del 2004, y desde entonces opera de manera satisfactoria y cada vez m\u00e1s importante.<\/p>\n<p>&nbsp;<\/p>\n<p>La Ley del Consejo Econ\u00f3mico y Social de Michoac\u00e1n, materia de este bolet\u00edn, \u00a0fue el resultado de la Iniciativa de Ley presentada en el Congreso del Estado de Michoac\u00e1n por el entonces Dip. Enrique Bautista Villegas \u00a0tras m\u00e1s de dos a\u00f1os de trabajo colectivo con representantes de organizaciones empresariales, productivas, sociales, gremiales y\u00a0 acad\u00e9micos, periodo durante el cual se organizaron en la capital michoacana diversos foros nacionales y uno internacional sobre la materia, y se discuti\u00f3, analiz\u00f3 y consensu\u00f3 ampliamente, \u00a0el contenido de la iniciativa de Ley, que a la postre ser\u00eda aprobada por unanimidad por los integrantes de la LXXI Legislatura del Congreso del Estado.<\/p>\n<p>&nbsp;<\/p>\n<p>La Ley del Consejo Econ\u00f3mico y Social de Michoac\u00e1n establece en su Art\u00edculo 4\u00ba que el Consejo estar\u00e1 integrado por 40 consejeros, representativos de los intereses de la sociedad, propuestos por los siguientes grupos: diez\u00a0 de organizaciones del sector privado empresarial, diez de organizaciones gremiales y campesinas, diez de organizaciones de la sociedad civil y de la comunidad acad\u00e9mica e investigadora, y\u00a0 diez representantes de las diez regiones socioecon\u00f3micas en que se divide el Estado.<\/p>\n<p>&nbsp;<\/p>\n<p>La Ley establece as\u00ed mismo, en su Art\u00edculo Segundo Transitorio, el ordenamiento al Congreso del Estado de conformar el primer Consejo Econ\u00f3mico y Social del Estado de Michoac\u00e1n a m\u00e1s tardar 90 d\u00edas a partir de la fecha de su entrada en vigencia (29 de diciembre de 2011).<\/p>\n<p>&nbsp;<\/p>\n<p>Aun cuando desde el inicio de la actual Legislatura un grupo de promotores de la Ley que nos ocupa nos reunimos en reiteradas ocasiones con los coordinadores de todos los grupos parlamentarios, los presidentes de las comisiones de Gobernaci\u00f3n e Industria y Comercio y los integrantes de la Junta de Coordinaci\u00f3n Pol\u00edtica del Congreso del Estado, para solicitar la conformaci\u00f3n del Primer Consejo Econ\u00f3mica y Social de Michoac\u00e1n, a la fecha \u00e9ste no ha sido integrado.<\/p>\n<p>&nbsp;<\/p>\n<p>Este hecho motiv\u00f3 que en consulta con diversos impulsores de la Ley\u00a0 quien fuera el iniciador de la misma, interpusiera el 28 de octubre de 2013 demanda de juicio de amparo ante la Justicia Federal en contra del Congreso del Estado por la omisi\u00f3n de conformar el primer Consejo Econ\u00f3mico y Social del Estado de Michoac\u00e1n. Tras ocho meses de alegatos y presentaci\u00f3n de argumentos de las partes involucradas, finalmente el pasado 30 de junio el Juzgado Segundo de Distrito del Estado de Michoac\u00e1n, resolvi\u00f3: \u201c\u2026 resarcir al quejoso en el pleno goce de la garant\u00eda individual violada, por lo cual procede a otorgar el amparo y protecci\u00f3n de la Justicia solicitada\u2026.\u00a0 \u201cpara efecto de que la autoridad responsable realice el procedimiento correspondiente a la creaci\u00f3n y conformaci\u00f3n del Primer Consejo y Social de Michoac\u00e1n\u2026.\u201d<\/p>\n<p>&nbsp;<\/p>\n<p>Aun cuando el resolutivo de la Justicia Federal no causa ejecutoria en los t\u00e9rminos de Ley hasta despu\u00e9s del pr\u00f3ximo lunes 14 de los corrientes, plazo dentro del que el Congreso podr\u00eda presentar alg\u00fan recurso de impugnaci\u00f3n si as\u00ed lo decidiera, los promotores de la Ley \u00a0confiamos en que finalmente el Congreso del Estado se d\u00e9 a la tarea de conformar el Primer Consejo Econ\u00f3mico y Social de Michoac\u00e1n, ya que con el mismo se dar\u00eda voz a una importante representaci\u00f3n de la sociedad, para opinar y proponer sobre\u00a0 acciones y pol\u00edticas p\u00fablicas en materia de desarrollo econ\u00f3mico y social, y se estar\u00eda constituyendo un espacio de di\u00e1logo y construcci\u00f3n de acuerdos entre representantes de diferentes sectores de la sociedad, en momentos en que Michoac\u00e1n y el pa\u00eds requieren de consensos y acuerdos para superar la crisis que los mexicanos experimentamos hoy.<\/p>\n<p>&nbsp;<\/p>\n<p>&nbsp;<\/p>\n","protected":false},"excerpt":{"rendered":"<p>Los consejos econ\u00f3micos y sociales son \u00f3rganos de Estado constituidos en pr\u00e1cticamente en todas las democracias europeas, y cada vez m\u00e1s en democracias avanzadas de diferentes regiones del mundo. Su prop\u00f3sito es constituirse en representaci\u00f3n de los diferentes sectores de la sociedad,<\/p>\n","protected":false},"author":1,"featured_media":8297,"comment_status":"open","ping_status":"open","sticky":false,"template":"","format":"standard","meta":{"footnotes":""},"categories":[14],"tags":[],"class_list":["post-8296","post","type-post","status-publish","format-standard","has-post-thumbnail","hentry","category-destacadas"],"_links":{"self":[{"href":"https:\/\/radiowebmx.com\/nota\/wp-json\/wp\/v2\/posts\/8296","targetHints":{"allow":["GET"]}}],"collection":[{"href":"https:\/\/radiowebmx.com\/nota\/wp-json\/wp\/v2\/posts"}],"about":[{"href":"https:\/\/radiowebmx.com\/nota\/wp-json\/wp\/v2\/types\/post"}],"author":[{"embeddable":true,"href":"https:\/\/radiowebmx.com\/nota\/wp-json\/wp\/v2\/users\/1"}],"replies":[{"embeddable":true,"href":"https:\/\/radiowebmx.com\/nota\/wp-json\/wp\/v2\/comments?post=8296"}],"version-history":[{"count":3,"href":"https:\/\/radiowebmx.com\/nota\/wp-json\/wp\/v2\/posts\/8296\/revisions"}],"predecessor-version":[{"id":8300,"href":"https:\/\/radiowebmx.com\/nota\/wp-json\/wp\/v2\/posts\/8296\/revisions\/8300"}],"wp:featuredmedia":[{"embeddable":true,"href":"https:\/\/radiowebmx.com\/nota\/wp-json\/wp\/v2\/media\/8297"}],"wp:attachment":[{"href":"https:\/\/radiowebmx.com\/nota\/wp-json\/wp\/v2\/media?parent=8296"}],"wp:term":[{"taxonomy":"category","embeddable":true,"href":"https:\/\/radiowebmx.com\/nota\/wp-json\/wp\/v2\/categories?post=8296"},{"taxonomy":"post_tag","embeddable":true,"href":"https:\/\/radiowebmx.com\/nota\/wp-json\/wp\/v2\/tags?post=8296"}],"curies":[{"name":"wp","href":"https:\/\/api.w.org\/{rel}","templated":true}]}}