{"id":8292,"date":"2014-07-08T11:36:07","date_gmt":"2014-07-08T16:36:07","guid":{"rendered":"https:\/\/radiowebmx.com\/nota\/?p=8292"},"modified":"2014-07-08T11:36:07","modified_gmt":"2014-07-08T16:36:07","slug":"ley-de-telecom-representa-modernidad-y-competitividad-para-mexico-salvador-vega","status":"publish","type":"post","link":"https:\/\/radiowebmx.com\/nota\/ley-de-telecom-representa-modernidad-y-competitividad-para-mexico-salvador-vega\/","title":{"rendered":"LEY DE TELECOM REPRESENTA MODERNIDAD Y COMPETITIVIDAD PARA M\u00c9XICO: SALVADOR VEGA"},"content":{"rendered":"<p><a href=\"https:\/\/radiowebmx.com\/nota\/wp-content\/uploads\/2014\/07\/070714-TELECOM.jpg\"><img loading=\"lazy\" decoding=\"async\" class=\"alignleft size-full wp-image-8293\" alt=\"070714 TELECOM\" src=\"https:\/\/radiowebmx.com\/nota\/wp-content\/uploads\/2014\/07\/070714-TELECOM.jpg\" width=\"591\" height=\"315\" srcset=\"https:\/\/radiowebmx.com\/nota\/wp-content\/uploads\/2014\/07\/070714-TELECOM.jpg 591w, https:\/\/radiowebmx.com\/nota\/wp-content\/uploads\/2014\/07\/070714-TELECOM-300x159.jpg 300w\" sizes=\"auto, (max-width: 591px) 100vw, 591px\" \/><\/a>La Ley de Telecomunicaciones y Radiodifusi\u00f3n votada en la C\u00e1mara Alta del Congreso de la Uni\u00f3n es un punto de inflexi\u00f3n para que M\u00e9xico avance hacia la modernidad y competitividad en diversos servicios, al igual que establece mayores garant\u00edas para hacer valer los derechos de los consumidores, asegur\u00f3 el senador Salvador Vega Casillas.<\/p>\n<p>&nbsp;<\/p>\n<p>El legislador panista explic\u00f3 que fue largo y profundo el an\u00e1lisis del contenido de dicha ley, pues no se permitir\u00eda aprobar al vapor una iniciativa de tanta transcendencia para el pa\u00eds, para los mexicanos y para los empresarios, pues modifica el sentido de la vida cotidiana para tener mayor certeza en muchos aspectos e involucra diversos sectores.<\/p>\n<p>&nbsp;<\/p>\n<p>\u201cHa sido un tema muy pol\u00e9mico pero estoy seguro que la decisi\u00f3n fue la mejor para que M\u00e9xico se asome a la modernidad que otros pa\u00edses ya viven desde hace a\u00f1os, es justo para nuestros ciudadanos y para la Naci\u00f3n, el tener leyes vanguardistas y poner el ejemplo a nivel mundial en competitividad\u201d.<\/p>\n<p>&nbsp;<\/p>\n<p>Vega Casillas agreg\u00f3 que de los avances m\u00e1s sobresalientes est\u00e1 el impulsar la conectividad, y por ello se aprob\u00f3 que mediante una red p\u00fablica del Estado, se llevar\u00e1 la se\u00f1al de internet a 250 mil sitios p\u00fablicos, tales como escuelas, hospitales y edificios de gobierno, ya que hasta el momento solo se cuenta con cerca de 37 mil sitios y espacios p\u00fablicos conectados.<\/p>\n<p>&nbsp;<\/p>\n<p>Los ciudadanos tienen ahora mayores garant\u00edas para exigir buena calidad en los servicios de telefon\u00eda, comunicaci\u00f3n o transmisi\u00f3n televisiva. Se lograron eliminar los cargos de larga distancia nacional en telefon\u00eda fija y m\u00f3vil a partir del 1 de enero de 2015.<\/p>\n<p>&nbsp;<\/p>\n<p>Se facilitar\u00e1 el ingreso de nuevas empresas de telefon\u00eda celular para incrementar la competencia y ofrecer m\u00e1s alternativas, diversidad de planes y tarifas en favor de los consumidores. Tambi\u00e9n en los servicios m\u00f3viles, se exige que se apliquen bonificaciones o descuentos por fallas en el servicio o cargos indebidos; y en el caso de prepago, el saldo ya no expirar\u00e1 en dos meses sino un a\u00f1o.<\/p>\n<p>&nbsp;<\/p>\n<p>En lo que hace a los derechos de las audiencias, se abrir\u00e1n m\u00e1s canales de televisi\u00f3n sin costo para los mexicanos; y se reglament\u00f3 para que los contenidos sean plurales en todos los sentidos; se proh\u00edbe todo tipo de discriminaci\u00f3n que atente contra la dignidad humana o los derechos y libertades de las personas.<\/p>\n<p>&nbsp;<\/p>\n<p>De igual manera se da certidumbre a los discapacitados, pues se instituye que los \u00f3rganos gubernamentales tengan en sus portales web, herramientas para que este sector pueda obtener la informaci\u00f3n que requieren. Mientras que las empresas proveedoras de servicios deben contar en sus instalaciones o centros de atenci\u00f3n con mecanismos para poder dar soluciones.<\/p>\n<p>&nbsp;<\/p>\n<p>Para finalizar Salvador Vega Casillas apunt\u00f3 que dicha Ley de Telecomunicaciones y Radiodifusi\u00f3n incluye muchos beneficios m\u00e1s para M\u00e9xico, cosas que se podr\u00e1n ir evaluando de acuerdo a las situaciones y que pronto se podr\u00e1 ver al pa\u00eds dando un paso agigantado al desarrollo.<\/p>\n","protected":false},"excerpt":{"rendered":"<p>La Ley de Telecomunicaciones y Radiodifusi\u00f3n votada en la C\u00e1mara Alta del Congreso de la Uni\u00f3n es un punto de inflexi\u00f3n para que M\u00e9xico avance hacia la modernidad y competitividad en diversos servicios, al igual que establece mayores garant\u00edas para hacer valer los derechos de los consumidores, <\/p>\n","protected":false},"author":1,"featured_media":8293,"comment_status":"open","ping_status":"open","sticky":false,"template":"","format":"standard","meta":{"footnotes":""},"categories":[6,14,8],"tags":[],"class_list":["post-8292","post","type-post","status-publish","format-standard","has-post-thumbnail","hentry","category-congreso-del-estado","category-destacadas","category-grupo-parlamentario-del-pan"],"_links":{"self":[{"href":"https:\/\/radiowebmx.com\/nota\/wp-json\/wp\/v2\/posts\/8292","targetHints":{"allow":["GET"]}}],"collection":[{"href":"https:\/\/radiowebmx.com\/nota\/wp-json\/wp\/v2\/posts"}],"about":[{"href":"https:\/\/radiowebmx.com\/nota\/wp-json\/wp\/v2\/types\/post"}],"author":[{"embeddable":true,"href":"https:\/\/radiowebmx.com\/nota\/wp-json\/wp\/v2\/users\/1"}],"replies":[{"embeddable":true,"href":"https:\/\/radiowebmx.com\/nota\/wp-json\/wp\/v2\/comments?post=8292"}],"version-history":[{"count":2,"href":"https:\/\/radiowebmx.com\/nota\/wp-json\/wp\/v2\/posts\/8292\/revisions"}],"predecessor-version":[{"id":8295,"href":"https:\/\/radiowebmx.com\/nota\/wp-json\/wp\/v2\/posts\/8292\/revisions\/8295"}],"wp:featuredmedia":[{"embeddable":true,"href":"https:\/\/radiowebmx.com\/nota\/wp-json\/wp\/v2\/media\/8293"}],"wp:attachment":[{"href":"https:\/\/radiowebmx.com\/nota\/wp-json\/wp\/v2\/media?parent=8292"}],"wp:term":[{"taxonomy":"category","embeddable":true,"href":"https:\/\/radiowebmx.com\/nota\/wp-json\/wp\/v2\/categories?post=8292"},{"taxonomy":"post_tag","embeddable":true,"href":"https:\/\/radiowebmx.com\/nota\/wp-json\/wp\/v2\/tags?post=8292"}],"curies":[{"name":"wp","href":"https:\/\/api.w.org\/{rel}","templated":true}]}}