{"id":8289,"date":"2014-07-08T11:32:10","date_gmt":"2014-07-08T16:32:10","guid":{"rendered":"https:\/\/radiowebmx.com\/nota\/?p=8289"},"modified":"2014-07-08T11:32:10","modified_gmt":"2014-07-08T16:32:10","slug":"upn-presenta-muestra-de-estrategias-didacticas-de-las-matematicas-en-la-uiim","status":"publish","type":"post","link":"https:\/\/radiowebmx.com\/nota\/upn-presenta-muestra-de-estrategias-didacticas-de-las-matematicas-en-la-uiim\/","title":{"rendered":"UPN PRESENTA MUESTRA DE  \u201cESTRATEGIAS DID\u00c1CTICAS DE LAS MATEM\u00c1TICAS\u201d, EN LA UIIM"},"content":{"rendered":"<p><a href=\"https:\/\/radiowebmx.com\/nota\/wp-content\/uploads\/2014\/07\/IMG_1707.jpg\"><img loading=\"lazy\" decoding=\"async\" class=\"alignleft size-full wp-image-8290\" alt=\"IMG_1707\" src=\"https:\/\/radiowebmx.com\/nota\/wp-content\/uploads\/2014\/07\/IMG_1707.jpg\" width=\"591\" height=\"353\" srcset=\"https:\/\/radiowebmx.com\/nota\/wp-content\/uploads\/2014\/07\/IMG_1707.jpg 591w, https:\/\/radiowebmx.com\/nota\/wp-content\/uploads\/2014\/07\/IMG_1707-300x179.jpg 300w\" sizes=\"auto, (max-width: 591px) 100vw, 591px\" \/><\/a>Alumnos de la licenciatura en Educaci\u00f3n Preescolar y Primaria para el Medio Ind\u00edgena (LEPEPMI), de la Universidad Pedag\u00f3gica Nacional (UPN), Unidad 161-Morelia, presentaron en la Universidad Intercultural Ind\u00edgena de Michoac\u00e1n (UIIM), a trav\u00e9s de la Licenciatura de Lengua y Comunicaci\u00f3n Intercultural, terminal de Ling\u00fc\u00edstica Aplicada, la muestra de \u201cEstrategias Did\u00e1cticas de las Matem\u00e1ticas\u201d.<\/p>\n<p>Lo anterior en el marco del programa de Vinculaci\u00f3n UIIM- UPN, cuyas actividades permitieron que docentes y alumnos intercambiaran experiencias referentes al proceso de ense\u00f1anza-aprendizaje y el entorno cultural.<\/p>\n<p>A decir de los expositores, el uso y la aplicaci\u00f3n adecuada de estrategias did\u00e1cticas en el proceso de ense\u00f1anza-aprendizaje, le permite al alumno formar esquemas mentales m\u00e1s eficientes, desarrollar la creatividad y tener una visi\u00f3n m\u00e1s amplia del mundo, lo cual se refleja en la soluci\u00f3n de problemas dentro de su cotidianidad y la vida profesional.<\/p>\n<p>Como parte toral de la exposici\u00f3n, resaltaron las actividades l\u00fadicas a trav\u00e9s de las cuales se mostraron los campos formativos de las estrategias did\u00e1cticas expuestas, sus modelos pedag\u00f3gicos, adem\u00e1s de sus objetivos, alcances, recursos tecnol\u00f3gicos y materiales empleados.<\/p>\n","protected":false},"excerpt":{"rendered":"<p>Alumnos de la licenciatura en Educaci\u00f3n Preescolar y Primaria para el Medio Ind\u00edgena (LEPEPMI), de la Universidad Pedag\u00f3gica Nacional (UPN), Unidad 161-Morelia, presentaron en la Universidad Intercultural Ind\u00edgena de Michoac\u00e1n (UIIM), a trav\u00e9s de la Licenciatura de Lengua y Comunicaci\u00f3n Intercultural, <\/p>\n","protected":false},"author":1,"featured_media":8290,"comment_status":"open","ping_status":"open","sticky":false,"template":"","format":"standard","meta":{"footnotes":""},"categories":[14,3],"tags":[],"class_list":["post-8289","post","type-post","status-publish","format-standard","has-post-thumbnail","hentry","category-destacadas","category-gobierno-del-estado-de-michoacan"],"_links":{"self":[{"href":"https:\/\/radiowebmx.com\/nota\/wp-json\/wp\/v2\/posts\/8289","targetHints":{"allow":["GET"]}}],"collection":[{"href":"https:\/\/radiowebmx.com\/nota\/wp-json\/wp\/v2\/posts"}],"about":[{"href":"https:\/\/radiowebmx.com\/nota\/wp-json\/wp\/v2\/types\/post"}],"author":[{"embeddable":true,"href":"https:\/\/radiowebmx.com\/nota\/wp-json\/wp\/v2\/users\/1"}],"replies":[{"embeddable":true,"href":"https:\/\/radiowebmx.com\/nota\/wp-json\/wp\/v2\/comments?post=8289"}],"version-history":[{"count":1,"href":"https:\/\/radiowebmx.com\/nota\/wp-json\/wp\/v2\/posts\/8289\/revisions"}],"predecessor-version":[{"id":8291,"href":"https:\/\/radiowebmx.com\/nota\/wp-json\/wp\/v2\/posts\/8289\/revisions\/8291"}],"wp:featuredmedia":[{"embeddable":true,"href":"https:\/\/radiowebmx.com\/nota\/wp-json\/wp\/v2\/media\/8290"}],"wp:attachment":[{"href":"https:\/\/radiowebmx.com\/nota\/wp-json\/wp\/v2\/media?parent=8289"}],"wp:term":[{"taxonomy":"category","embeddable":true,"href":"https:\/\/radiowebmx.com\/nota\/wp-json\/wp\/v2\/categories?post=8289"},{"taxonomy":"post_tag","embeddable":true,"href":"https:\/\/radiowebmx.com\/nota\/wp-json\/wp\/v2\/tags?post=8289"}],"curies":[{"name":"wp","href":"https:\/\/api.w.org\/{rel}","templated":true}]}}