{"id":8270,"date":"2014-07-07T11:44:03","date_gmt":"2014-07-07T16:44:03","guid":{"rendered":"https:\/\/radiowebmx.com\/nota\/?p=8270"},"modified":"2014-07-07T11:44:03","modified_gmt":"2014-07-07T16:44:03","slug":"revisa-gobernador-areas-de-oportunidad-para-el-estado","status":"publish","type":"post","link":"https:\/\/radiowebmx.com\/nota\/revisa-gobernador-areas-de-oportunidad-para-el-estado\/","title":{"rendered":"REVISA GOBERNADOR \u00c1REAS DE OPORTUNIDAD PARA EL ESTADO"},"content":{"rendered":"<p>El gobernador del Estado Salvador Jara Guerrero, sostuvo este s\u00e1bado diversas reuniones de trabajo y audiencias con representantes de los diferentes sectores de la entidad, para hacer un an\u00e1lisis de la situaci\u00f3n de Michoac\u00e1n, con miras a aprovechar al m\u00e1ximo las \u00e1reas de oportunidad que permitan potenciar un desarrollo integral.<\/p>\n<p>Desde tempranas horas, Jara Guerrero recibi\u00f3 en su despacho al secretario de Gobierno, Jaime Dar\u00edo Oseguera, con quien analiz\u00f3 el ritmo de trabajo y evalu\u00f3 las primeras acciones de la administraci\u00f3n a su cargo.<\/p>\n<p>De igual manera, atendi\u00f3 una entrevista de prensa enfocada al trabajo que realizar\u00e1 estos 15 meses de Gobierno, que, reiter\u00f3, ser\u00e1n de acciones precisas, aceleradas pero muy bien planeadas, pues es poco el tiempo y mucho lo que se tiene que hacer.<\/p>\n<p>Tambi\u00e9n, recibi\u00f3 la visita de directores de instituciones de la Universidad Michoacana de San Nicol\u00e1s de Hidalgo, quienes lo saludaron y felicitaron por su nuevo encargo.<\/p>\n<p>El mandatario estatal se reuni\u00f3 adem\u00e1s con abogados e ingenieros civiles destacados, a quienes expuso sus planes de acci\u00f3n y el c\u00f3mo juntos, Gobierno y sectores productivos, acad\u00e9micos y sociales, pueden hacer m\u00e1s por Michoac\u00e1n.<\/p>\n<p>&nbsp;<\/p>\n<p>&nbsp;<\/p>\n","protected":false},"excerpt":{"rendered":"<p>El gobernador del Estado Salvador Jara Guerrero, sostuvo este s\u00e1bado diversas reuniones de trabajo y audiencias con representantes de los diferentes sectores de la entidad, para hacer un an\u00e1lisis de la situaci\u00f3n de Michoac\u00e1n, con miras a aprovechar al m\u00e1ximo las \u00e1reas de oportunidad que permitan potenciar un desarrollo integral.<\/p>\n","protected":false},"author":1,"featured_media":0,"comment_status":"open","ping_status":"open","sticky":false,"template":"","format":"standard","meta":{"footnotes":""},"categories":[3],"tags":[],"class_list":["post-8270","post","type-post","status-publish","format-standard","hentry","category-gobierno-del-estado-de-michoacan"],"_links":{"self":[{"href":"https:\/\/radiowebmx.com\/nota\/wp-json\/wp\/v2\/posts\/8270","targetHints":{"allow":["GET"]}}],"collection":[{"href":"https:\/\/radiowebmx.com\/nota\/wp-json\/wp\/v2\/posts"}],"about":[{"href":"https:\/\/radiowebmx.com\/nota\/wp-json\/wp\/v2\/types\/post"}],"author":[{"embeddable":true,"href":"https:\/\/radiowebmx.com\/nota\/wp-json\/wp\/v2\/users\/1"}],"replies":[{"embeddable":true,"href":"https:\/\/radiowebmx.com\/nota\/wp-json\/wp\/v2\/comments?post=8270"}],"version-history":[{"count":2,"href":"https:\/\/radiowebmx.com\/nota\/wp-json\/wp\/v2\/posts\/8270\/revisions"}],"predecessor-version":[{"id":8272,"href":"https:\/\/radiowebmx.com\/nota\/wp-json\/wp\/v2\/posts\/8270\/revisions\/8272"}],"wp:attachment":[{"href":"https:\/\/radiowebmx.com\/nota\/wp-json\/wp\/v2\/media?parent=8270"}],"wp:term":[{"taxonomy":"category","embeddable":true,"href":"https:\/\/radiowebmx.com\/nota\/wp-json\/wp\/v2\/categories?post=8270"},{"taxonomy":"post_tag","embeddable":true,"href":"https:\/\/radiowebmx.com\/nota\/wp-json\/wp\/v2\/tags?post=8270"}],"curies":[{"name":"wp","href":"https:\/\/api.w.org\/{rel}","templated":true}]}}