{"id":8152,"date":"2014-07-01T09:06:25","date_gmt":"2014-07-01T14:06:25","guid":{"rendered":"https:\/\/radiowebmx.com\/nota\/?p=8152"},"modified":"2014-07-01T09:06:25","modified_gmt":"2014-07-01T14:06:25","slug":"asumen-cargo-nuevos-titulares-de-sedru-mujer-cocotra-y-salud","status":"publish","type":"post","link":"https:\/\/radiowebmx.com\/nota\/asumen-cargo-nuevos-titulares-de-sedru-mujer-cocotra-y-salud\/","title":{"rendered":"ASUMEN CARGO NUEVOS TITULARES DE SEDRU, MUJER, COCOTRA Y SALUD"},"content":{"rendered":"<p><a href=\"https:\/\/radiowebmx.com\/nota\/wp-content\/uploads\/2014\/07\/semujer2.jpg\"><img loading=\"lazy\" decoding=\"async\" class=\"alignleft size-full wp-image-8153\" alt=\"semujer2\" src=\"https:\/\/radiowebmx.com\/nota\/wp-content\/uploads\/2014\/07\/semujer2.jpg\" width=\"591\" height=\"286\" srcset=\"https:\/\/radiowebmx.com\/nota\/wp-content\/uploads\/2014\/07\/semujer2.jpg 591w, https:\/\/radiowebmx.com\/nota\/wp-content\/uploads\/2014\/07\/semujer2-300x145.jpg 300w\" sizes=\"auto, (max-width: 591px) 100vw, 591px\" \/><\/a>Atender sus nuevas responsabilidades con entrega, eficiencia, capacidad y con un ritmo de trabajo que d\u00e9 continuidad a lo que se realiza bien en cada una de las dependencias, convoc\u00f3 el secretario de Gobierno, Jaime Dar\u00edo Oseguera M\u00e9ndez, al dar formal posesi\u00f3n de sus cargos a Jaime Rodr\u00edguez L\u00f3pez, Samantha Flores Adame, Jaime Ocampo Garc\u00eda y Carlos Aranza Doniz, como titulares de Sedru, Mujer, Cocotra y Salud, de manera respectiva.<\/p>\n<p>Con la representaci\u00f3n del gobernador del Estado, Salvador Jara Guerrero, el responsable de la pol\u00edtica interna de la entidad acudi\u00f3 a cada de las dependencias en menci\u00f3n, para entregar los nombramientos con los que los nuevos titulares de \u00e1rea asumen sus encargos.<\/p>\n<p>El recorrido inici\u00f3 en la Secretar\u00eda de Desarrollo Rural, donde Jaime Rodr\u00edguez L\u00f3pez es el nuevo titular, convirti\u00e9ndose en el secretario n\u00famero 20 en la historia de la dependencia y el primero en asumir por segunda ocasi\u00f3n la responsabilidad del \u00e1rea, tomando en cuenta que hace 18 a\u00f1os ya hab\u00eda estado al frente de la instituci\u00f3n.<\/p>\n<p>All\u00ed, Oseguera M\u00e9ndez elogi\u00f3 el conocimiento que en temas agropecuarios tiene Jaime Rodr\u00edguez, por lo que no dud\u00f3 har\u00e1 un buen papel en la secretar\u00eda, al tiempo que le convoc\u00f3 a imprimir un sello de eficiencia para propiciar la reactivaci\u00f3n del sector rural michoacano.<\/p>\n<p>A Ram\u00f3n Cano Vega, quien estuvo al frente de Sedru primero como encargado y posteriormente como titular, le reconoci\u00f3 su entrega en las labores y agradeci\u00f3 su profesionalismo en las misiones encomendadas.<\/p>\n<p>En la Secretar\u00eda de la Mujer, Jaime Dar\u00edo Oseguera present\u00f3 formalmente a Samantha Flores Adame como nueva titular, en sustituci\u00f3n de Consuelo Muro Urista, quien agradeci\u00f3 la oportunidad que se le brind\u00f3 para estar al frente de la instituci\u00f3n en los \u00faltimos 28 meses.<\/p>\n<p>El secretario de Gobierno se\u00f1al\u00f3 que la juventud de Samantha Flores ser\u00e1 determinante para que el aplique el dinamismo que conduzca a dar continuidad a los programas y acciones que desarrolla la dependencia, por lo que le convoc\u00f3 a que de inmediato se coordine con los directores y jefes de departamento para que no se frenen las tareas que se llevan a cabo.<\/p>\n<p>&nbsp;<\/p>\n<p>M\u00e1s tarde, el titular de la Secretar\u00eda de Gobierno acudi\u00f3 a la Comisi\u00f3n Coordinadora del Transporte, para dar posesi\u00f3n como titular de la misma a Javier Ocampo Garc\u00eda, en relevo de Ignacio Colina Quiroz.<\/p>\n<p>Con esfuerzo y profesionalismo se fortalecer\u00e1 a esta instituci\u00f3n en cuyas ventanillas se realiza el mayor n\u00famero de servicios y tr\u00e1mites y debe darse continuidad al trabajo que ya se desarrolla, dijo Jaime Dar\u00edo Oseguera al solicitar al nuevo titular se sume de inmediato al trabajo, tomando en cuenta que el periodo que resta a la actual administraci\u00f3n es corto y no puede detenerse la marcha de la Comisi\u00f3n Coordinadora del Transporte en el Estado.<\/p>\n<p>Finalmente, en la Secretar\u00eda de Salud el representante gubernamental entreg\u00f3 el nombramiento a Carlos Aranza Doniz, quien desde hoy es el nuevo responsable de la dependencia, en sustituci\u00f3n de Rafael D\u00edaz Rodr\u00edguez.<\/p>\n<p>El nuevo titular fue reconocido como un especialista en temas de Salud y con conocimiento de lo que ocurre en Michoac\u00e1n en ese campo, toda vez que durante los \u00faltimos meses particip\u00f3 muy de cerca en el proyecto de construcci\u00f3n de nuevos hospitales en el Estado.<\/p>\n<p>Jaime Dar\u00edo Oseguera M\u00e9ndez puntualiz\u00f3 que en cada uno de los casos se trata de relevos institucionales en los que est\u00e1 de por medio el fortalecimiento de las instituciones, mediante la reconciliaci\u00f3n de todos los michoacanos para lograr que durante los 15 meses que restan a la presente administraci\u00f3n se sienten las bases para transitar hacia mejores niveles de desarrollo, puesto que los michoacanos esperan mucho de quienes participan en el servicio p\u00fablico.<\/p>\n","protected":false},"excerpt":{"rendered":"<p>Atender sus nuevas responsabilidades con entrega, eficiencia, capacidad y con un ritmo de trabajo que d\u00e9 continuidad a lo que se realiza bien en cada una de las dependencias, convoc\u00f3 el secretario de Gobierno, Jaime Dar\u00edo Oseguera M\u00e9ndez, al dar formal posesi\u00f3n de sus cargos a Jaime Rodr\u00edguez L\u00f3pez, Samantha Flores Adame, Jaime Ocampo Garc\u00eda y Carlos Aranza Doniz,<\/p>\n","protected":false},"author":1,"featured_media":8153,"comment_status":"open","ping_status":"open","sticky":false,"template":"","format":"standard","meta":{"footnotes":""},"categories":[14,3],"tags":[],"class_list":["post-8152","post","type-post","status-publish","format-standard","has-post-thumbnail","hentry","category-destacadas","category-gobierno-del-estado-de-michoacan"],"_links":{"self":[{"href":"https:\/\/radiowebmx.com\/nota\/wp-json\/wp\/v2\/posts\/8152","targetHints":{"allow":["GET"]}}],"collection":[{"href":"https:\/\/radiowebmx.com\/nota\/wp-json\/wp\/v2\/posts"}],"about":[{"href":"https:\/\/radiowebmx.com\/nota\/wp-json\/wp\/v2\/types\/post"}],"author":[{"embeddable":true,"href":"https:\/\/radiowebmx.com\/nota\/wp-json\/wp\/v2\/users\/1"}],"replies":[{"embeddable":true,"href":"https:\/\/radiowebmx.com\/nota\/wp-json\/wp\/v2\/comments?post=8152"}],"version-history":[{"count":1,"href":"https:\/\/radiowebmx.com\/nota\/wp-json\/wp\/v2\/posts\/8152\/revisions"}],"predecessor-version":[{"id":8154,"href":"https:\/\/radiowebmx.com\/nota\/wp-json\/wp\/v2\/posts\/8152\/revisions\/8154"}],"wp:featuredmedia":[{"embeddable":true,"href":"https:\/\/radiowebmx.com\/nota\/wp-json\/wp\/v2\/media\/8153"}],"wp:attachment":[{"href":"https:\/\/radiowebmx.com\/nota\/wp-json\/wp\/v2\/media?parent=8152"}],"wp:term":[{"taxonomy":"category","embeddable":true,"href":"https:\/\/radiowebmx.com\/nota\/wp-json\/wp\/v2\/categories?post=8152"},{"taxonomy":"post_tag","embeddable":true,"href":"https:\/\/radiowebmx.com\/nota\/wp-json\/wp\/v2\/tags?post=8152"}],"curies":[{"name":"wp","href":"https:\/\/api.w.org\/{rel}","templated":true}]}}