{"id":8149,"date":"2014-07-01T09:03:08","date_gmt":"2014-07-01T14:03:08","guid":{"rendered":"https:\/\/radiowebmx.com\/nota\/?p=8149"},"modified":"2014-07-01T09:03:08","modified_gmt":"2014-07-01T14:03:08","slug":"abogados-litigantes-de-patzcuaro-culminan-capacitacion-en-el-nuevo-sistema-de-justicia-penal","status":"publish","type":"post","link":"https:\/\/radiowebmx.com\/nota\/abogados-litigantes-de-patzcuaro-culminan-capacitacion-en-el-nuevo-sistema-de-justicia-penal\/","title":{"rendered":"Abogados litigantes de P\u00e1tzcuaro culminan capacitaci\u00f3n en el Nuevo sistema de justicia penal"},"content":{"rendered":"<p><a href=\"https:\/\/radiowebmx.com\/nota\/wp-content\/uploads\/2014\/07\/Foto9.jpg\"><img loading=\"lazy\" decoding=\"async\" class=\"alignleft size-full wp-image-8150\" alt=\"Foto9\" src=\"https:\/\/radiowebmx.com\/nota\/wp-content\/uploads\/2014\/07\/Foto9.jpg\" width=\"591\" height=\"301\" srcset=\"https:\/\/radiowebmx.com\/nota\/wp-content\/uploads\/2014\/07\/Foto9.jpg 591w, https:\/\/radiowebmx.com\/nota\/wp-content\/uploads\/2014\/07\/Foto9-300x152.jpg 300w\" sizes=\"auto, (max-width: 591px) 100vw, 591px\" \/><\/a>La capacitaci\u00f3n ser\u00e1 uno de los elementos transformadores de la nueva cultura jur\u00eddica que habr\u00e1 de establecerse en el pa\u00eds para el a\u00f1o 2016, coincidieron en se\u00f1alar los funcionarios participantes en el evento de\u00a0 clausura del\u00a0 <i>\u201cCurso B\u00e1sico sobre los Recursos y el Amparo en el Sistema Penal Acusatorio\u201d,<\/i> Juan Salvador Alonso Mej\u00eda, Victorino Rojas Rivera y V\u00edctor Barrag\u00e1n Ben\u00edtez.<i><\/i><\/p>\n<p><i>\u00a0<\/i><\/p>\n<p>El curso de referencia, \u00a0fue organizado por el Consejo por el Nuevo sistema de justicia penal en Michoac\u00e1n a solicitud de la Asociaci\u00f3n de Abogados de P\u00e1tzcuaro \u201cVasco de Quiroga\u201d A.C.<\/p>\n<p>&nbsp;<\/p>\n<p>La capacitaci\u00f3n fue dise\u00f1ada con la finalidad de que los participantes conocieran las generalidades de los recursos y del amparo en el sistema acusatorio, analizando temas fundamentales como: Condiciones de interposici\u00f3n, agravio, recurso de la v\u00edctima u ofendido, p\u00e9rdida y preclusi\u00f3n del derecho a recurrir y desistimiento, alcance del recurso, prohibici\u00f3n de modificaci\u00f3n de perjuicio; entre otros, en lo referente a los temas de recursos refiere.<\/p>\n<p>&nbsp;<\/p>\n<p>El curso fue impartido por los funcionarios antes mencionados, quienes pertenecen al Consejo del Poder Judicial del Estado de Michoac\u00e1n y son especialistas en la materia.<\/p>\n<p>&nbsp;<\/p>\n<p>El evento fue realizado en las instalaciones del Colegio Jesuita de la Casa de la Cultura de la ciudad de P\u00e1tzcuaro.<\/p>\n","protected":false},"excerpt":{"rendered":"<p>La capacitaci\u00f3n ser\u00e1 uno de los elementos transformadores de la nueva cultura jur\u00eddica que habr\u00e1 de establecerse en el pa\u00eds para el a\u00f1o 2016, coincidieron en se\u00f1alar los funcionarios participantes en el evento de  clausura del  \u201cCurso B\u00e1sico sobre los Recursos y el Amparo en el Sistema Penal Acusatorio\u201d<\/p>\n","protected":false},"author":1,"featured_media":8150,"comment_status":"open","ping_status":"open","sticky":false,"template":"","format":"standard","meta":{"footnotes":""},"categories":[14,3],"tags":[],"class_list":["post-8149","post","type-post","status-publish","format-standard","has-post-thumbnail","hentry","category-destacadas","category-gobierno-del-estado-de-michoacan"],"_links":{"self":[{"href":"https:\/\/radiowebmx.com\/nota\/wp-json\/wp\/v2\/posts\/8149","targetHints":{"allow":["GET"]}}],"collection":[{"href":"https:\/\/radiowebmx.com\/nota\/wp-json\/wp\/v2\/posts"}],"about":[{"href":"https:\/\/radiowebmx.com\/nota\/wp-json\/wp\/v2\/types\/post"}],"author":[{"embeddable":true,"href":"https:\/\/radiowebmx.com\/nota\/wp-json\/wp\/v2\/users\/1"}],"replies":[{"embeddable":true,"href":"https:\/\/radiowebmx.com\/nota\/wp-json\/wp\/v2\/comments?post=8149"}],"version-history":[{"count":1,"href":"https:\/\/radiowebmx.com\/nota\/wp-json\/wp\/v2\/posts\/8149\/revisions"}],"predecessor-version":[{"id":8151,"href":"https:\/\/radiowebmx.com\/nota\/wp-json\/wp\/v2\/posts\/8149\/revisions\/8151"}],"wp:featuredmedia":[{"embeddable":true,"href":"https:\/\/radiowebmx.com\/nota\/wp-json\/wp\/v2\/media\/8150"}],"wp:attachment":[{"href":"https:\/\/radiowebmx.com\/nota\/wp-json\/wp\/v2\/media?parent=8149"}],"wp:term":[{"taxonomy":"category","embeddable":true,"href":"https:\/\/radiowebmx.com\/nota\/wp-json\/wp\/v2\/categories?post=8149"},{"taxonomy":"post_tag","embeddable":true,"href":"https:\/\/radiowebmx.com\/nota\/wp-json\/wp\/v2\/tags?post=8149"}],"curies":[{"name":"wp","href":"https:\/\/api.w.org\/{rel}","templated":true}]}}