{"id":8145,"date":"2014-07-01T09:01:09","date_gmt":"2014-07-01T14:01:09","guid":{"rendered":"https:\/\/radiowebmx.com\/nota\/?p=8145"},"modified":"2014-07-01T09:01:36","modified_gmt":"2014-07-01T14:01:36","slug":"centro-de-arte-y-cultura-del-sistema-dif-michoacan-abre-inscripciones-a-los-cursos-de-verano-2014","status":"publish","type":"post","link":"https:\/\/radiowebmx.com\/nota\/centro-de-arte-y-cultura-del-sistema-dif-michoacan-abre-inscripciones-a-los-cursos-de-verano-2014\/","title":{"rendered":"CENTRO DE ARTE Y CULTURA DEL SISTEMA DIF MICHOAC\u00c1N ABRE INSCRIPCIONES A LOS CURSOS DE VERANO 2014"},"content":{"rendered":"<p><a href=\"https:\/\/radiowebmx.com\/nota\/wp-content\/uploads\/2014\/07\/DSC_8758.jpg\"><img loading=\"lazy\" decoding=\"async\" class=\"alignleft size-full wp-image-8146\" alt=\"DSC_8758\" src=\"https:\/\/radiowebmx.com\/nota\/wp-content\/uploads\/2014\/07\/DSC_8758.jpg\" width=\"591\" height=\"314\" srcset=\"https:\/\/radiowebmx.com\/nota\/wp-content\/uploads\/2014\/07\/DSC_8758.jpg 591w, https:\/\/radiowebmx.com\/nota\/wp-content\/uploads\/2014\/07\/DSC_8758-300x159.jpg 300w\" sizes=\"auto, (max-width: 591px) 100vw, 591px\" \/><\/a>El Sistema para el Desarrollo Integral de la Familia (DIF) Michoac\u00e1n, a trav\u00e9s del Centro de Arte y Cultura, \u201cJos\u00e9 Mar\u00eda Morelos\u201d,abre inscripciones a los cursos del verano 2014.<\/p>\n<p>Tzitlali Montejano Monroy, titular de la direcci\u00f3n de Asistencia e Integraci\u00f3n Social, destac\u00f3 que este a\u00f1o se espera superar el ingreso de 400 ni\u00f1os, ni\u00f1as, j\u00f3venes y menores con discapacidad, los cuales podr\u00e1n pasar un verano inolvidable, donde podr\u00e1n tener un espacio de recreaci\u00f3n,\u00a0 as\u00ed como un entretenimiento para una formaci\u00f3n y desarrollo integral.<\/p>\n<p>El per\u00edodo de inscripciones ya est\u00e1 abierto y los requisitos de inscripci\u00f3n son: copia de acta de nacimiento, copia de comprobante de domicilio, tres fotograf\u00edas infantiles del alumno recientes, dos fotograf\u00edas del padre, madre o tutor autorizados a pasar por los peque\u00f1os.<\/p>\n<p>V\u00edctor Francisco Navarro Arenazas, titular del Centro de Arte y Cultura explic\u00f3 que el objetivo del curso de verano es ofrecer una alternativa para que los peque\u00f1os ocupen su tiempo libre con actividades sanas como manualidades y deportes, adem\u00e1s de que hagan nuevos amigos para disfrutar de unas vacaciones de verano llenas de experiencias nuevas.<\/p>\n<p>En este sentido, los peque\u00f1os disfrutaran del aprendizaje realizando actividades como papiroflexia, manualidades y baile moderno, entre otras, adem\u00e1s de estar a cargo de personal experto que les brinda una estancia agradable y segura.<\/p>\n<p>Los cursos comienzan a partir del 14 de julio y finalizar\u00e1n el 8 de agosto; el costo de inscripci\u00f3n es de 50 pesos y el curso tendr\u00e1 un costo de 500 pesos,que incluye una playera, una mochila, material y un reconocimiento; habr\u00e1 diferentes grupos divididos por edades y no m\u00e1s de 30 ni\u00f1os por grupo.<\/p>\n<p>Desde las 9:00 horas y hasta las 13:00 horas, de lunes a viernes, ser\u00e1n impartidos talleres de futbol, ballet cl\u00e1sico, dibujo, actividades recreativas, pintura, tae kwon do, guitarra, bellysamba, artes pl\u00e1sticas,entre muchas m\u00e1s.<\/p>\n","protected":false},"excerpt":{"rendered":"<p>El Sistema para el Desarrollo Integral de la Familia (DIF) Michoac\u00e1n, a trav\u00e9s del Centro de Arte y Cultura, \u201cJos\u00e9 Mar\u00eda Morelos\u201d,abre inscripciones a los cursos del verano 2014.<\/p>\n","protected":false},"author":1,"featured_media":8146,"comment_status":"open","ping_status":"open","sticky":false,"template":"","format":"standard","meta":{"footnotes":""},"categories":[14,3],"tags":[],"class_list":["post-8145","post","type-post","status-publish","format-standard","has-post-thumbnail","hentry","category-destacadas","category-gobierno-del-estado-de-michoacan"],"_links":{"self":[{"href":"https:\/\/radiowebmx.com\/nota\/wp-json\/wp\/v2\/posts\/8145","targetHints":{"allow":["GET"]}}],"collection":[{"href":"https:\/\/radiowebmx.com\/nota\/wp-json\/wp\/v2\/posts"}],"about":[{"href":"https:\/\/radiowebmx.com\/nota\/wp-json\/wp\/v2\/types\/post"}],"author":[{"embeddable":true,"href":"https:\/\/radiowebmx.com\/nota\/wp-json\/wp\/v2\/users\/1"}],"replies":[{"embeddable":true,"href":"https:\/\/radiowebmx.com\/nota\/wp-json\/wp\/v2\/comments?post=8145"}],"version-history":[{"count":2,"href":"https:\/\/radiowebmx.com\/nota\/wp-json\/wp\/v2\/posts\/8145\/revisions"}],"predecessor-version":[{"id":8148,"href":"https:\/\/radiowebmx.com\/nota\/wp-json\/wp\/v2\/posts\/8145\/revisions\/8148"}],"wp:featuredmedia":[{"embeddable":true,"href":"https:\/\/radiowebmx.com\/nota\/wp-json\/wp\/v2\/media\/8146"}],"wp:attachment":[{"href":"https:\/\/radiowebmx.com\/nota\/wp-json\/wp\/v2\/media?parent=8145"}],"wp:term":[{"taxonomy":"category","embeddable":true,"href":"https:\/\/radiowebmx.com\/nota\/wp-json\/wp\/v2\/categories?post=8145"},{"taxonomy":"post_tag","embeddable":true,"href":"https:\/\/radiowebmx.com\/nota\/wp-json\/wp\/v2\/tags?post=8145"}],"curies":[{"name":"wp","href":"https:\/\/api.w.org\/{rel}","templated":true}]}}