{"id":8135,"date":"2014-06-30T12:19:22","date_gmt":"2014-06-30T17:19:22","guid":{"rendered":"https:\/\/radiowebmx.com\/nota\/?p=8135"},"modified":"2014-06-30T12:19:22","modified_gmt":"2014-06-30T17:19:22","slug":"la-colegiacion-abona-a-una-mejor-imparticion-de-justicia-juan-antonio-magana-de-la-mora","status":"publish","type":"post","link":"https:\/\/radiowebmx.com\/nota\/la-colegiacion-abona-a-una-mejor-imparticion-de-justicia-juan-antonio-magana-de-la-mora\/","title":{"rendered":"La colegiaci\u00f3n abona a una  mejor impartici\u00f3n de justicia: Juan Antonio Maga\u00f1a de la Mora"},"content":{"rendered":"<p><a href=\"https:\/\/radiowebmx.com\/nota\/wp-content\/uploads\/2014\/06\/16.jpg\"><img loading=\"lazy\" decoding=\"async\" class=\"alignleft size-full wp-image-8136\" alt=\"1\" src=\"https:\/\/radiowebmx.com\/nota\/wp-content\/uploads\/2014\/06\/16.jpg\" width=\"591\" height=\"284\" srcset=\"https:\/\/radiowebmx.com\/nota\/wp-content\/uploads\/2014\/06\/16.jpg 591w, https:\/\/radiowebmx.com\/nota\/wp-content\/uploads\/2014\/06\/16-300x144.jpg 300w\" sizes=\"auto, (max-width: 591px) 100vw, 591px\" \/><\/a>\u201cLa colegiaci\u00f3n de abogados y abogadas abona a una mejor impartici\u00f3n de justicia en Michoac\u00e1n\u201d, se\u00f1al\u00f3 Juan Antonio Maga\u00f1a de la Mora, magistrado presidente del Supremo Tribunal de Justicia y del Consejo del Poder Judicial de Michoac\u00e1n, ante la Agrupaci\u00f3n Michoacana de Abogadas A. C., que celebr\u00f3 su vig\u00e9simo aniversario.<\/p>\n<p>&nbsp;<\/p>\n<p>Juan Antonio Maga\u00f1a, coment\u00f3 que si bien la colegiaci\u00f3n a\u00fan no es de car\u00e1cter obligatoria, s\u00ed implica una responsabilidad significativa, ya que debe estar encaminada al mejoramiento constante en el desempe\u00f1o de las y los profesionales del Derecho. Asimismo, coment\u00f3 la necesidad de llevar a cabo lineamientos estrat\u00e9gicos para cuidar que el desarrollo de quienes son agremiados, cumplan cabalmente con los motivos que los llevaron a escoger dicha carrera.<\/p>\n<p>&nbsp;<\/p>\n<p>Por otra parte, indic\u00f3 que \u201cPara nadie escapa la tendencia de oralidad en varias materias, como lo han hecho ya varios pa\u00edses, e incluso en algunos entidades; para el pr\u00f3ximo a\u00f1o en Michoac\u00e1n entrar\u00e1 \u00a0la oralidad penal, actualmente se encuentra vigente en materia mercantil y ejecuci\u00f3n de sanciones penales\u201d, para lo cual, la capacitaci\u00f3n fue un factor importante, agreg\u00f3. En este sentido, Maga\u00f1a de la Mora invit\u00f3 a las abogadas para que a trav\u00e9s de la agrupaci\u00f3n y del Poder Judicial, se sumen a la capacitaci\u00f3n en el nuevo sistema de justicia penal y posteriormente en otras materias con el fin de que su aplicaci\u00f3n sea en los mejores t\u00e9rminos.<\/p>\n<p>&nbsp;<\/p>\n<p>Finalmente, reconoci\u00f3 el trabajo y dedicaci\u00f3n por parte de las agremiadas y las invit\u00f3 a seguir dando ese esfuerzo en beneficio de los justiciables. Durante el evento, autoridades estatales\u00a0 hicieron entrega de reconocimiento a la trayectoria de Martha Atzimba Olivares Mar\u00edn y Mar\u00eda de los \u00c1ngeles Llanderal y se tom\u00f3 protesta a la nueva mesa directiva encabezada por Yolanda Morales Rubio<\/p>\n<p>&nbsp;<\/p>\n","protected":false},"excerpt":{"rendered":"<p>\u201cLa colegiaci\u00f3n de abogados y abogadas abona a una mejor impartici\u00f3n de justicia en Michoac\u00e1n\u201d, se\u00f1al\u00f3 Juan Antonio Maga\u00f1a de la Mora, magistrado presidente del Supremo Tribunal de Justicia y del Consejo del Poder Judicial de Michoac\u00e1n, ante la Agrupaci\u00f3n Michoacana de Abogadas A. C<\/p>\n","protected":false},"author":1,"featured_media":8136,"comment_status":"open","ping_status":"open","sticky":false,"template":"","format":"standard","meta":{"footnotes":""},"categories":[14,3],"tags":[],"class_list":["post-8135","post","type-post","status-publish","format-standard","has-post-thumbnail","hentry","category-destacadas","category-gobierno-del-estado-de-michoacan"],"_links":{"self":[{"href":"https:\/\/radiowebmx.com\/nota\/wp-json\/wp\/v2\/posts\/8135","targetHints":{"allow":["GET"]}}],"collection":[{"href":"https:\/\/radiowebmx.com\/nota\/wp-json\/wp\/v2\/posts"}],"about":[{"href":"https:\/\/radiowebmx.com\/nota\/wp-json\/wp\/v2\/types\/post"}],"author":[{"embeddable":true,"href":"https:\/\/radiowebmx.com\/nota\/wp-json\/wp\/v2\/users\/1"}],"replies":[{"embeddable":true,"href":"https:\/\/radiowebmx.com\/nota\/wp-json\/wp\/v2\/comments?post=8135"}],"version-history":[{"count":1,"href":"https:\/\/radiowebmx.com\/nota\/wp-json\/wp\/v2\/posts\/8135\/revisions"}],"predecessor-version":[{"id":8137,"href":"https:\/\/radiowebmx.com\/nota\/wp-json\/wp\/v2\/posts\/8135\/revisions\/8137"}],"wp:featuredmedia":[{"embeddable":true,"href":"https:\/\/radiowebmx.com\/nota\/wp-json\/wp\/v2\/media\/8136"}],"wp:attachment":[{"href":"https:\/\/radiowebmx.com\/nota\/wp-json\/wp\/v2\/media?parent=8135"}],"wp:term":[{"taxonomy":"category","embeddable":true,"href":"https:\/\/radiowebmx.com\/nota\/wp-json\/wp\/v2\/categories?post=8135"},{"taxonomy":"post_tag","embeddable":true,"href":"https:\/\/radiowebmx.com\/nota\/wp-json\/wp\/v2\/tags?post=8135"}],"curies":[{"name":"wp","href":"https:\/\/api.w.org\/{rel}","templated":true}]}}