{"id":8132,"date":"2014-06-30T12:11:26","date_gmt":"2014-06-30T17:11:26","guid":{"rendered":"https:\/\/radiowebmx.com\/nota\/?p=8132"},"modified":"2014-06-30T12:11:26","modified_gmt":"2014-06-30T17:11:26","slug":"temas-de-cafe-162","status":"publish","type":"post","link":"https:\/\/radiowebmx.com\/nota\/temas-de-cafe-162\/","title":{"rendered":"TEMAS DE CAF\u00c9"},"content":{"rendered":"<p><a href=\"https:\/\/radiowebmx.com\/nota\/wp-content\/uploads\/2013\/06\/temas-de-cafe.jpg\"><img loading=\"lazy\" decoding=\"async\" class=\"alignleft size-full wp-image-2805\" alt=\"temas de cafe\" src=\"https:\/\/radiowebmx.com\/nota\/wp-content\/uploads\/2013\/06\/temas-de-cafe.jpg\" width=\"295\" height=\"171\" \/><\/a>+ MAS PROTESTAS POR MIRELES<\/p>\n<p>+ SANTIAGO BLANCO-MARCO TREJO<\/p>\n<p>+ LOS NOMBRES PARA LA SEDECO<\/p>\n<p>+ MEXICO CENICIENTA DEL MUNDIAL<\/p>\n<p>Las redes sociales tanto Facebook como Twitter, se han dejado sentir en Michoac\u00e1n con fuerza, porque ha sido a trav\u00e9s de ellas, que se ha convocado a la gente, para protestar contra la detenci\u00f3n de Jos\u00e9 Manuel Mireles, quien es uno de los creadores de las Autodefensas, que cumplieron en febrero pasado apenas un a\u00f1o, y vaya que se ha logrado bastante, en materia de seguridad pero ha sido por ellos, los autodefensas, que tuvieron que levantarse en armas, ante los vac\u00edos en materia de seguridad, tanto del Estado como de la Federaci\u00f3n, por lo cual parece injusta su detenci\u00f3n, as\u00ed como varias decenas de integrantes de los autodefensas, principalmente de la costa michoacana, creemos que este ha sido otro error del Comisionado Alfredo Castillo Cervantes, quien les ha dado a sus enemigos una raz\u00f3n para criticarlo, m\u00e1s o menos un m\u00e1rtir que unir\u00e1 a los michoacanos, que no quieren ni a Castillo Cervantes, ni a la mayor\u00eda de los integrantes de la Legi\u00f3n Extranjera.<\/p>\n<p>DESDE EL SABADO, MORELIA, LA COSTA, YURECUARO, PERIBAN<\/p>\n<p>Desde el viernes las redes sociales, Facebook y Twitter empezaron a dar a conocer la detenci\u00f3n de Mireles y varios de sus muchachos, provocando una molestia e irritaci\u00f3n, m\u00e1s o menos generalizada ya que todos mundo sabe, que Mireles e Hip\u00f3lito Mora en febrero del 2013, se juntaron y sacaron sus armas, para enfrentar a los grupos criminales, que azolaban la regi\u00f3n y sus habitantes, y as\u00ed fue como tanto el gobierno de Michoac\u00e1n, y la Federaci\u00f3n empezaron a ponerle atenci\u00f3n, a la inseguridad. En Michoac\u00e1n la inseguridad llam\u00f3 la atenci\u00f3n, de Felipe Calder\u00f3n y de Pe\u00f1a Nieto, quienes pusieron en pr\u00e1ctica operaciones parecidas, pero sin resultados satisfactorios.<\/p>\n<p>As\u00ed lleg\u00f3 Febrero de este a\u00f1o, cuando el ex gobernador del estado Fausto Vallejo, despu\u00e9s de un regreso sin gloria solicit\u00f3, al gobierno federal mayor atenci\u00f3n por la inseguridad, declar\u00e1ndose incapaz de enfrentarla, por lo cual se cre\u00f3 la Comisi\u00f3n para la Seguridad y el Desarrollo Integral de Michoac\u00e1n, con un presupuesto de 140 millones de pesos, y designaron como comisionado a Alfredo Castillo Cervantes, quien se ha desarrollado principalmente en actividades policiacas, quien solicit\u00f3 un control casi absoluto de todas las \u00e1reas federales, y la mayor\u00eda de las principales dependencias estatales.<\/p>\n<p>Todo se le otorg\u00f3 pensando en los resultados, enlaces federales y en dependencias estatales, as\u00ed como la Secretar\u00eda de Seguridad, la Procuradur\u00eda de Justicia y Finanzas, se trabaj\u00f3 inicialmente en coordinaci\u00f3n con las autodefensas, quienes les permitieron lograr grandes avances capturando o dando muerte, a los principales cabecillas de estos grupos, de hecho de los grandes solamente hace falta el profesor Servando G\u00f3mez a quienes llaman la Tuta, a quien a\u00fan no han logrado detener.<\/p>\n<p>LA INSEGURIDAD NO HA DISMINUIDO EN LA ENTIDAD<\/p>\n<p>A pesar de la entrega de espacio estatales y todos los federales, la seguridad en Michoac\u00e1n, no ha cambiado para bien\u00a0 en algunos casos se mantiene, y en la mayor\u00eda se agravaron, a pesar de todo, y es que los autodefensas eran quienes sab\u00edan, d\u00f3nde estaban y qui\u00e9nes eran los delincuentes, pero en cuanto los uniformaron y les dieron armas, se acab\u00f3 esta misi\u00f3n, porque ya tienen que acatar indicaciones, ya no pueden hacer lo que estaban haciendo, a veces por encima de la ley, pero lo que importaba eran los resultados, ahora ya no lo pueden hacer.<\/p>\n<p>Las protestas por la detenci\u00f3n de Mireles y sus muchachos, no solamente se han focalizado en Michoac\u00e1n, en varios estados, se han manifestado en contra, tambi\u00e9n varios caricaturistas y comentaristas nacionales, porque parece injusto que despu\u00e9s de ayudar a limpiar al Estado, ahora sean detenidos puestos en prisi\u00f3n, principalmente cuando se\u00f1ala Mireles, que acordaron con el Comisionado Alfredo Castillo, cinco puntos de los cuales solamente se cumpli\u00f3, el quinto mientras que los primeros cuatro se han olvidado, y es que esto demuestra que Alfredo Castillo tiene el poder mientras que Mireles, solamente la raz\u00f3n.<\/p>\n<p>PRINCIPALES NOMBRES PARA LA SEDECO<\/p>\n<p>Los integrantes de la iniciativa privada, han presionado para que a la mayor brevedad, a los titulares tanto del comit\u00e9 estatal de adquisiciones, la Sedeco, la Contralor\u00eda y Planeaci\u00f3n, facultad que le fue encargada por el gobernador del estado, Salvador Jara al Comit\u00e9 de Seguimiento de la inversi\u00f3n federal en la entidad,\u00a0 ese comit\u00e9 que tom\u00f3 la protesta de Luis Videgeray,\u00a0 y que le comentamos que estaba integrado por los hombres ricos del pueblo, y ellos han entregado al Ejecutivo varias propuestas, todos ellos de su grupo o sea de la Iniciativa Privada.<\/p>\n<p>La lista es encabezada por Sergio Sistos, quien ha estado en los primeros lugares para esta dependencia desde hace varios a\u00f1os, pero siempre ha sido vetado, ahora otra vez encabeza la lista, le sigue Manuel Ant\u00fanez Alvarez, quien la verdad parece una broma de mal gusto, ya que Manuel tuvo una presencia breve en la Sedeco, pero este personaje algo debe tener, ya que casi el mismo d\u00eda que dej\u00f3 esta dependencia, fue contratado por el Comisionado federal Alfredo Castillo Cervantes, para que dirigiera los asuntos de la isla de la Palma, de lo cual no sabemos si el Comisionado tenga las facultades para ello. En tercer lugar se encuentra Juan Carlos Becerra.<\/p>\n<p>La lista sigue con Conrado Maga\u00f1a Cerda, integrante de una de las familias m\u00e1s conocidas entre los empresarios morelianos, le sigue Clovis Eugenio Remusat Arana y Juan Carlos R\u00edos, quien es presidente de los empresarios j\u00f3venes en la entidad, ante esto se espera que sea durante esta semana, cuando por fin se decida qui\u00e9n es el personaje propuesto, que se har\u00e1 cargo de esta importante dependencia estatal, que se encarga entre otras cosas, de promover las inversiones para aprovechar, los amplios recursos naturales.<\/p>\n<p>SANTIAGO BLANCO Y MARCO TREJO, DOS PROPUESTAS<\/p>\n<p>Hay dos propuestas de diputados priistas, que nos llaman la atenci\u00f3n, una es la de Santiago Blanco que busca evitar, que las dependencias de gobierno, se llenen de amigos, compadres\u00a0 y familiares de los titulares, lo cual est\u00e1 bien porque algo que se deber\u00eda aplicar por regla, por principios tiene que hacerse ley, y la de Marco Trejo quien es uno de los legisladores, que m\u00e1s iniciativas tiene, ahora busca castigar m\u00e1s severamente el peculado, que no es otra cosa que la malversaci\u00f3n de fondos p\u00fablicos, el delito consiste en la apropiaci\u00f3n de indebida del dinero perteneciente al Estado, por parte de una persona que se encarga de su control y custodia.<\/p>\n<p>\u00bfQUIEN SE ATREVE A CONTROLAR A ANTORCHA CAMPESINA?<\/p>\n<p>Alguien debe investigar cu\u00e1ntas p\u00e9rdidas provocan al Estado, Antorcha Campesina, la CNTE y los normalistas con sus protestas y manifestaciones, porque no hay semana que se dejen sentir, por ejemplo hoy Antorcha Campesina tiene en jaque, a las autoridades municipales de Charo, al Cobaem por asuntos\u00a0 en Maravat\u00edo y desde luego ya son 38 d\u00edas, que tiene semi paralizado el centro hist\u00f3rico de Morelia, alguien debe hacer algo, esperamos que Jaime Dar\u00edo\u00a0 se deje sentir con su operaci\u00f3n pol\u00edtica y supere estos problemas lo antes posible. Los problemas que genera Antorcha en el Estado, ahora son responsabilidad directa del reciente designado secretario de Gobierno.<\/p>\n<p>LA\u00a0 CENICIENTA DEL MUNDIAL SE FUE: MEXICO<\/p>\n<p>Casi por setenta y cinco minutos M\u00e9xico, tuvo a Holanda en un pu\u00f1o, le jug\u00f3 sin complejos, pero faltando 15 minutos para que se acabara el partido, M\u00e9xico se ech\u00f3 para atr\u00e1s, le cedi\u00f3 terreno a los de la Naranja Mec\u00e1nica y ese fue su error, Holanda se le vino encima y en pocos minutos lo derrot\u00f3, cuando pens\u00e1bamos que se ir\u00edan a los tiempos\u00a0 extras y tal vez a penales, un penal extra\u00f1o en contra y listo, el responsable de la derrota fue el entrenador, no hizo los cambios necesarios, de acuerdo al juego de Holanda. Pero M\u00e9xico nos gener\u00f3 sue\u00f1os bonitos, porque si usted recuerda fuimos al mundial por Estados Unidos, y el gol de chilena de Jim\u00e9nez delantero del Am\u00e9rica, as\u00ed que debemos agradecer al Piojo y a los seleccionados, que nos dieron motivos de sentirnos bien, nos dieron alegr\u00edas y dejar de llorar y echar la culpa al \u00e1rbitro, as\u00ed es el futbol entre aciertos y errores, al fin\u00a0 y al cabo es una actividad humana.<\/p>\n","protected":false},"excerpt":{"rendered":"<p>+ MAS PROTESTAS POR MIRELES<br \/>\n+ SANTIAGO BLANCO-MARCO TREJO<br \/>\n+ LOS NOMBRES PARA LA SEDECO<br \/>\n+ MEXICO CENICIENTA DEL MUNDIAL\t<\/p>\n","protected":false},"author":1,"featured_media":0,"comment_status":"open","ping_status":"open","sticky":false,"template":"","format":"standard","meta":{"footnotes":""},"categories":[4,14,10],"tags":[],"class_list":["post-8132","post","type-post","status-publish","format-standard","hentry","category-columnistas","category-destacadas","category-juan-manuel-belmonte"],"_links":{"self":[{"href":"https:\/\/radiowebmx.com\/nota\/wp-json\/wp\/v2\/posts\/8132","targetHints":{"allow":["GET"]}}],"collection":[{"href":"https:\/\/radiowebmx.com\/nota\/wp-json\/wp\/v2\/posts"}],"about":[{"href":"https:\/\/radiowebmx.com\/nota\/wp-json\/wp\/v2\/types\/post"}],"author":[{"embeddable":true,"href":"https:\/\/radiowebmx.com\/nota\/wp-json\/wp\/v2\/users\/1"}],"replies":[{"embeddable":true,"href":"https:\/\/radiowebmx.com\/nota\/wp-json\/wp\/v2\/comments?post=8132"}],"version-history":[{"count":2,"href":"https:\/\/radiowebmx.com\/nota\/wp-json\/wp\/v2\/posts\/8132\/revisions"}],"predecessor-version":[{"id":8134,"href":"https:\/\/radiowebmx.com\/nota\/wp-json\/wp\/v2\/posts\/8132\/revisions\/8134"}],"wp:attachment":[{"href":"https:\/\/radiowebmx.com\/nota\/wp-json\/wp\/v2\/media?parent=8132"}],"wp:term":[{"taxonomy":"category","embeddable":true,"href":"https:\/\/radiowebmx.com\/nota\/wp-json\/wp\/v2\/categories?post=8132"},{"taxonomy":"post_tag","embeddable":true,"href":"https:\/\/radiowebmx.com\/nota\/wp-json\/wp\/v2\/tags?post=8132"}],"curies":[{"name":"wp","href":"https:\/\/api.w.org\/{rel}","templated":true}]}}