{"id":808,"date":"2013-01-09T10:32:04","date_gmt":"2013-01-09T16:32:04","guid":{"rendered":"https:\/\/radiowebmx.com\/nota\/?p=808"},"modified":"2013-02-05T10:17:14","modified_gmt":"2013-02-05T16:17:14","slug":"curso-taller-intensivo-prepara-a-operadores-para-el-nuevo-sistema-de-justicia-penal","status":"publish","type":"post","link":"https:\/\/radiowebmx.com\/nota\/curso-taller-intensivo-prepara-a-operadores-para-el-nuevo-sistema-de-justicia-penal\/","title":{"rendered":"Curso-taller intensivo prepara a operadores para el nuevo sistema de justicia penal"},"content":{"rendered":"<p><img loading=\"lazy\" decoding=\"async\" class=\"alignnone\" src=\"http:\/\/img194.imageshack.us\/img194\/8316\/35966474.jpg\" alt=\"\" width=\"591\" height=\"274\" \/>Con la participaci\u00f3n de casi 80 operadores del sistema de justicia penal dar\u00e1 inicio esta tarde la segunda etapa del \u201cCurso pr\u00e1ctico e intensivo de formaci\u00f3n de operadores en el sistema acusatorio\u201d, que busca afianzar los conocimientos adquiridos durante la capacitaci\u00f3n te\u00f3rica recibida en meses anteriores.<\/p>\n<p>&nbsp;<\/p>\n<p>Esta actividad resulta esencial a efectos de comprender los roles pr\u00e1cticos que desempe\u00f1ar\u00e1n los operadores del Nuevo sistema de justicia penal, a trav\u00e9s del desarrollo de destrezas que ser\u00e1n esenciales en la ejecuci\u00f3n de las audiencias. Supone, asimismo, un ejercicio pr\u00e1ctico mediante el cual se podr\u00e1n medir los verdaderos alcances de la utilizaci\u00f3n de los medios inform\u00e1ticos y tecnol\u00f3gicos, as\u00ed como la nueva infraestructura, lo que repercutir\u00e1 en el desarrollo mismo del proceso penal.<\/p>\n<p>&nbsp;<\/p>\n<p>Mediante este programa, los defensores p\u00fablicos y agentes del Ministerio p\u00fablico incrementar\u00e1n su conocimiento en t\u00e9cnicas y destrezas de litigaci\u00f3n que les permitan elevar su nivel de actuaci\u00f3n; aprender\u00e1n tambi\u00e9n a elaborar una teor\u00eda del caso eficaz, a formular alegatos de apertura y clausura poderosos, a utilizar correctamente la prueba en juicio, a argumentar frente a los jueces y proteger a trav\u00e9s de un adecuado uso de las objeciones, su teor\u00eda del caso; as\u00ed como la manera en que deben presentarse a juicio.<\/p>\n<p>&nbsp;<\/p>\n<p>Por su parte, la polic\u00eda de investigaci\u00f3n aprender\u00e1 el trabajo policial en el proceso acusatorio y el valor de su correcto desarrollo, la coordinaci\u00f3n interinstitucional, la actuaci\u00f3n bajo un modelo de trilog\u00eda conjunta con el ministerio p\u00fablico y los servicios periciales, el manejo de la entrevista policial, la recolecci\u00f3n de evidencia y cadena de custodia, c\u00f3mo lograr una investigaci\u00f3n exitosa, as\u00ed como su desempe\u00f1o como testigo durante juicio.\u00a0 Finalmente, los jueces adquirir\u00e1n los conocimientos que les permitan el manejo adecuado de las audiencias, as\u00ed como las reglas de argumentaci\u00f3n y adecuada pr\u00e1ctica probatoria como valoraci\u00f3n de prueba, que les permitan asumir decisiones asertivas.<\/p>\n<p>&nbsp;<\/p>\n<p>El curso est\u00e1 estructurado con un enfoque principalmente cl\u00ednico y el trabajo con el C\u00f3digo de Procedimientos Penales del Estado de Michoac\u00e1n es indispensable, de manera que el conocimiento y el debate en los talleres permita referirse a lo que los operadores enfrentar\u00e1n efectivamente en la pr\u00e1ctica.<\/p>\n<p>&nbsp;<\/p>\n<p>La plantilla docente se integra por profesores certificados por Setec en un 90%, quienes son jueces activos en el sistema acusatorio, polic\u00edas investigadores y abogados litigantes del sistema, como Oscar Manuel Soto Vel\u00e1zquez, Juan A. S\u00e1nchez Madariaga, Luis F. Azaola Calder\u00f3n, Jorge Guti\u00e9rrez Mu\u00f1oz, Carlos Villegas M\u00e1rquez, Alejandro Ram\u00edrez Verdugo, Gerardo Carmona Castillo, Jahaziel Reyes Loaeza y Rodolfo F\u00e9lix C\u00e1rdenas, quien adem\u00e1s coordina el curso.<\/p>\n<p>&nbsp;<\/p>\n<p>En esta segunda etapa, que se realizar\u00e1 del 7 de enero al 2 de febrero, los temas se tratar\u00e1n de manera individualizada; es decir, en grupos separados por tipo de operador.\u00a0 El an\u00e1lisis de las problem\u00e1ticas concretas que cada uno de ellos enfrenta requiere, para su mejor comprensi\u00f3n, de un tratamiento individual de acuerdo a cada funci\u00f3n.\u00a0 De esa manera se lograr\u00e1 tener un conocimiento preciso y espec\u00edfico sobre la forma de superar problemas particulares en la pr\u00e1ctica y el consejo inmediato de quienes ya han operado el sistema.<\/p>\n<p>&nbsp;<\/p>\n<p>Con la participaci\u00f3n de 20 ministerios p\u00fablicos, 14 jueces de oralidad, 20 polic\u00edas investigadores y 25 defensores p\u00fablicos, este segundo m\u00f3dulo se desarrollar\u00e1 de lunes a s\u00e1bado tanto en el Instituto de la Judicatura como en el Instituto de Capacitaci\u00f3n de la Procuradur\u00eda General de Justicia del Estado, para continuar as\u00ed con el intenso proceso de capacitaci\u00f3n que el Nuevo sistema de justicia penal requiere.<\/p>\n<p>&nbsp;<\/p>\n<p>&nbsp;<\/p>\n<p>&nbsp;<\/p>\n<p>&nbsp;<\/p>\n<p>&nbsp;<\/p>\n","protected":false},"excerpt":{"rendered":"<p>Con la participaci\u00f3n de casi 80 operadores del sistema de justicia penal dar\u00e1 inicio esta tarde la segunda etapa del \u201cCurso pr\u00e1ctico e intensivo de formaci\u00f3n de operadores en el sistema acusatorio\u201d, que busca afianzar los conocimientos adquiridos durante la capacitaci\u00f3n te\u00f3rica recibida en meses anteriores.<\/p>\n","protected":false},"author":1,"featured_media":0,"comment_status":"open","ping_status":"open","sticky":false,"template":"","format":"standard","meta":{"footnotes":""},"categories":[3],"tags":[],"class_list":["post-808","post","type-post","status-publish","format-standard","hentry","category-gobierno-del-estado-de-michoacan"],"_links":{"self":[{"href":"https:\/\/radiowebmx.com\/nota\/wp-json\/wp\/v2\/posts\/808","targetHints":{"allow":["GET"]}}],"collection":[{"href":"https:\/\/radiowebmx.com\/nota\/wp-json\/wp\/v2\/posts"}],"about":[{"href":"https:\/\/radiowebmx.com\/nota\/wp-json\/wp\/v2\/types\/post"}],"author":[{"embeddable":true,"href":"https:\/\/radiowebmx.com\/nota\/wp-json\/wp\/v2\/users\/1"}],"replies":[{"embeddable":true,"href":"https:\/\/radiowebmx.com\/nota\/wp-json\/wp\/v2\/comments?post=808"}],"version-history":[{"count":3,"href":"https:\/\/radiowebmx.com\/nota\/wp-json\/wp\/v2\/posts\/808\/revisions"}],"predecessor-version":[{"id":1159,"href":"https:\/\/radiowebmx.com\/nota\/wp-json\/wp\/v2\/posts\/808\/revisions\/1159"}],"wp:attachment":[{"href":"https:\/\/radiowebmx.com\/nota\/wp-json\/wp\/v2\/media?parent=808"}],"wp:term":[{"taxonomy":"category","embeddable":true,"href":"https:\/\/radiowebmx.com\/nota\/wp-json\/wp\/v2\/categories?post=808"},{"taxonomy":"post_tag","embeddable":true,"href":"https:\/\/radiowebmx.com\/nota\/wp-json\/wp\/v2\/tags?post=808"}],"curies":[{"name":"wp","href":"https:\/\/api.w.org\/{rel}","templated":true}]}}