{"id":8068,"date":"2014-06-27T10:31:41","date_gmt":"2014-06-27T15:31:41","guid":{"rendered":"https:\/\/radiowebmx.com\/nota\/?p=8068"},"modified":"2014-06-27T10:31:41","modified_gmt":"2014-06-27T15:31:41","slug":"michoacan-presente-en-el-encuentro-internacional-iberoamericano-de-juventud","status":"publish","type":"post","link":"https:\/\/radiowebmx.com\/nota\/michoacan-presente-en-el-encuentro-internacional-iberoamericano-de-juventud\/","title":{"rendered":"MICHOAC\u00c1N, PRESENTE EN EL ENCUENTRO INTERNACIONAL IBEROAMERICANO DE JUVENTUD"},"content":{"rendered":"<p><a href=\"https:\/\/radiowebmx.com\/nota\/wp-content\/uploads\/2014\/06\/Entrevista-a-Rebeca-Grynspan-Secretaria-General-Iberoamericana.jpg\"><img loading=\"lazy\" decoding=\"async\" class=\"alignleft size-full wp-image-8069\" alt=\"Entrevista a Rebeca Grynspan, Secretaria General Iberoamericana\" src=\"https:\/\/radiowebmx.com\/nota\/wp-content\/uploads\/2014\/06\/Entrevista-a-Rebeca-Grynspan-Secretaria-General-Iberoamericana.jpg\" width=\"591\" height=\"292\" srcset=\"https:\/\/radiowebmx.com\/nota\/wp-content\/uploads\/2014\/06\/Entrevista-a-Rebeca-Grynspan-Secretaria-General-Iberoamericana.jpg 591w, https:\/\/radiowebmx.com\/nota\/wp-content\/uploads\/2014\/06\/Entrevista-a-Rebeca-Grynspan-Secretaria-General-Iberoamericana-300x148.jpg 300w\" sizes=\"auto, (max-width: 591px) 100vw, 591px\" \/><\/a>El Gobierno del Estado de Michoac\u00e1n estuvo representado por la Secretar\u00eda de los J\u00f3venes, durante el Encuentro Internacional \u201cLa juventud y la Agenda Post 2015: de la negociaci\u00f3n a la implementaci\u00f3n\u201d, evento organizado en d\u00edas pasados por el Instituto Mexicano de la Juventud (IMJUVE), en este emblem\u00e1tico puerto mexicano.<\/p>\n<p>&nbsp;<\/p>\n<p>Al encuentro, distintos pa\u00edses de Iberoam\u00e9rica representados por ministros, parlamentarios, secretarios y directivos de juventud, as\u00ed como j\u00f3venes l\u00edderes de la sociedad civil organizada, se dieron cita para la expresi\u00f3n y convergencia de las diferentes opiniones y acciones que puedan generarse conjuntamente y abonar en temas importantes que deber\u00e1n ser incluidos en la Agenda 2015 para el desarrollo de la juventud iberoamericana.<\/p>\n<p>&nbsp;<\/p>\n<p>En representaci\u00f3n de la Secretar\u00eda de los J\u00f3venes de Michoac\u00e1n, acudi\u00f3 Alberto Granja G\u00f3mez, joven activo de la sociedad civil, ex presidente y fundador del IMEF Universitario en Michoac\u00e1n y colaborador de la misma dependencia.<\/p>\n<p>&nbsp;<\/p>\n<p>El foro fue una excelente oportunidad de se\u00f1alar la importancia de crear espacios y climas gratos y eficientes para los j\u00f3venes para conjuntar la opini\u00f3n, participaci\u00f3n e incidencia en las pol\u00edticas p\u00fablicas de juventud que d\u00eda a d\u00eda se desarrollan a nivel regional, nacional e internacional, dando oportunidad a todos de un desarrollo \u00f3ptimo y productivo.<\/p>\n<p>&nbsp;<\/p>\n<p>Cabe destacar que este tipo de ejercicios permite fomentar la cultura de la participaci\u00f3n ciudadana, la inclusi\u00f3n de las diferentes expresiones juveniles de los sectores educativos, privados y de la sociedad civil organizada y es parte de la estrategia que el IMJUVE, en coordinaci\u00f3n con las instancias estatales de la Juventud, busca impulsar desde el inicio de la administraci\u00f3n federal.<\/p>\n<p>&nbsp;<\/p>\n<p>Latinoam\u00e9rica ha generado en los \u00faltimos a\u00f1os debates transformadores. \u201cAqu\u00ed como en ning\u00fan otro lugar, se habla de paz, derechos humanos, igualdad de g\u00e9nero, participaci\u00f3n pol\u00edtica, salud sexual y reproductiva; las discusiones (y las pol\u00edticas) sobre drogas, consumo y narcotr\u00e1fico, se debaten en nuestros pa\u00edses\u201d, comparti\u00f3 Alberto Granja G\u00f3mez, presidente de la Comisi\u00f3n de Turismo del Consejo Juvenil Ciudadano de Morelia.<\/p>\n<p>&nbsp;<\/p>\n<p>Otro de las conclusiones del foro se\u00f1ala que Iberoam\u00e9rica es una de las regiones m\u00e1s optimistas del mundo. Y en particular sus j\u00f3venes: 2 de cada 3 personas de entre 15 y 29 a\u00f1os creen que van a estar mejor dentro de 5 a\u00f1os. As\u00ed lo demostr\u00f3 la 1\u00b0 Encuesta Iberoamericana de Juventudes realizada en 2013; \u201clas juventudes creen en su futuro, pero eso no significa que necesariamente vayan a estar mejor\u201d, dijo.<\/p>\n<p>&nbsp;<\/p>\n<p>Coment\u00f3 adem\u00e1s que las Instancias de Juventud, tienen distintas responsabilidades p\u00fablicas, cada una desde su lugar y teniendo muy en cuenta el rol que les toca, deben dar todo para que los Objetivos de Desarrollo Social (ODS) pactados hace casi 15 a\u00f1os, tengan en cuenta a los 150 millones de j\u00f3venes de nuestra regi\u00f3n y a los casi mil 500 millones de j\u00f3venes en el mundo.<\/p>\n<p>&nbsp;<\/p>\n<p>El centro del debate sobre los ODS debe estar puesto en la desigualdad, en eliminarla y reducirla cada d\u00eda; ese es uno de los objetivos centrales de la Agenda Post 2015, de lo contrario, no servir\u00eda para mucho. Los ODS deben significar un viraje, un golpe de tim\u00f3n al desarrollo del mundo, se\u00f1ala el documento final del foro.<\/p>\n<p>&nbsp;<\/p>\n<p>Pa\u00edses como Brasil, Argentina, Espa\u00f1a, Portugal, Costa Rica, Per\u00fa, Ecuador, Chile, Guatemala, M\u00e9xico, entre otros, fueron los part\u00edcipes en dicho aforo que tuvo duraci\u00f3n de 2 d\u00edas en el World Trade Center de Boca del R\u00edo, Veracruz.<\/p>\n<p>&nbsp;<\/p>\n<p><b>DESTACA SECRETARIO DE LOS J\u00d3VENES ENCUENTRO INTERNACIONAL <\/b><\/p>\n<p>&nbsp;<\/p>\n<p>En el marco de este Encuentro Internacional \u201cLa juventud y la Agenda Post 2015: de la negociaci\u00f3n a la implementaci\u00f3n\u201d, el secretario de los J\u00f3venes en la entidad, Francisco Xavier Lara Medina, destac\u00f3 que esta generaci\u00f3n de j\u00f3venes iberoamericanos es la m\u00e1s grande de la historia y no habr\u00e1 nunca una mayor, \u201cescucharlos es vital, nos hablan a trav\u00e9s de los \u00edndices de desempleo, del abandono escolar y de los embarazos en adolescentes; pero tambi\u00e9n de su optimismo, innovaci\u00f3n y sobre todo, su inmensa capacidad de cambio y transformaci\u00f3n\u201d, dijo.<\/p>\n<p>&nbsp;<\/p>\n<p>Por ello, se\u00f1al\u00f3, atender el llamado del 25 por ciento de las personas que viven en el mundo es tan importante, m\u00e1s cuando en Michoac\u00e1n la poblaci\u00f3n juvenil es del 33 por ciento.<\/p>\n<p>&nbsp;<\/p>\n","protected":false},"excerpt":{"rendered":"<p>El Gobierno del Estado de Michoac\u00e1n estuvo representado por la Secretar\u00eda de los J\u00f3venes, durante el Encuentro Internacional \u201cLa juventud y la Agenda Post 2015: de la negociaci\u00f3n a la implementaci\u00f3n\u201d, evento organizado en d\u00edas pasados por el Instituto Mexicano de la Juventud (IMJUVE), <\/p>\n","protected":false},"author":1,"featured_media":8069,"comment_status":"open","ping_status":"open","sticky":false,"template":"","format":"standard","meta":{"footnotes":""},"categories":[14,3],"tags":[],"class_list":["post-8068","post","type-post","status-publish","format-standard","has-post-thumbnail","hentry","category-destacadas","category-gobierno-del-estado-de-michoacan"],"_links":{"self":[{"href":"https:\/\/radiowebmx.com\/nota\/wp-json\/wp\/v2\/posts\/8068","targetHints":{"allow":["GET"]}}],"collection":[{"href":"https:\/\/radiowebmx.com\/nota\/wp-json\/wp\/v2\/posts"}],"about":[{"href":"https:\/\/radiowebmx.com\/nota\/wp-json\/wp\/v2\/types\/post"}],"author":[{"embeddable":true,"href":"https:\/\/radiowebmx.com\/nota\/wp-json\/wp\/v2\/users\/1"}],"replies":[{"embeddable":true,"href":"https:\/\/radiowebmx.com\/nota\/wp-json\/wp\/v2\/comments?post=8068"}],"version-history":[{"count":2,"href":"https:\/\/radiowebmx.com\/nota\/wp-json\/wp\/v2\/posts\/8068\/revisions"}],"predecessor-version":[{"id":8071,"href":"https:\/\/radiowebmx.com\/nota\/wp-json\/wp\/v2\/posts\/8068\/revisions\/8071"}],"wp:featuredmedia":[{"embeddable":true,"href":"https:\/\/radiowebmx.com\/nota\/wp-json\/wp\/v2\/media\/8069"}],"wp:attachment":[{"href":"https:\/\/radiowebmx.com\/nota\/wp-json\/wp\/v2\/media?parent=8068"}],"wp:term":[{"taxonomy":"category","embeddable":true,"href":"https:\/\/radiowebmx.com\/nota\/wp-json\/wp\/v2\/categories?post=8068"},{"taxonomy":"post_tag","embeddable":true,"href":"https:\/\/radiowebmx.com\/nota\/wp-json\/wp\/v2\/tags?post=8068"}],"curies":[{"name":"wp","href":"https:\/\/api.w.org\/{rel}","templated":true}]}}