{"id":8063,"date":"2014-06-26T12:36:21","date_gmt":"2014-06-26T17:36:21","guid":{"rendered":"https:\/\/radiowebmx.com\/nota\/?p=8063"},"modified":"2014-06-26T12:36:21","modified_gmt":"2014-06-26T17:36:21","slug":"gobernador-salvador-jara-incursiona-en-redes-sociales-para-fortalecer-contacto-con-los-michoacanos","status":"publish","type":"post","link":"https:\/\/radiowebmx.com\/nota\/gobernador-salvador-jara-incursiona-en-redes-sociales-para-fortalecer-contacto-con-los-michoacanos\/","title":{"rendered":"GOBERNADOR SALVADOR JARA INCURSIONA EN REDES SOCIALES PARA FORTALECER CONTACTO CON LOS MICHOACANOS"},"content":{"rendered":"<p>Este mi\u00e9rcoles el gobernador de Michoac\u00e1n Salvador Jara Guerrero, dio a conocer su cuenta oficial de Twitter @SJara_gobmich, la cual abri\u00f3 con el prop\u00f3sito de mantener informados a los michoacanos sobre sus actividades al frente del Ejecutivo Estatal.<\/p>\n<p>Consciente de la din\u00e1mica informativa actual que se vive en los medios digitales y la oportunidad que representan las redes sociales de mantener una cercan\u00eda con la poblaci\u00f3n, es que el gobernador Jara Guerrero pone al alcance de los michoacanos este nuevo enlace comunicativo.<\/p>\n<p>Como uno de sus primeros twits, el mandatario estatal manifest\u00f3: \u201cBuscar\u00e9 por este medio estar cerca de ustedes para interactuar. El estado necesita de la participaci\u00f3n de todos\u201d.<\/p>\n<p>Este mismo d\u00eda, varios medios estatales e incluso cibernautas nacionales, replicaron el anuncio y comenzaron a seguir al jefe del Ejecutivo estatal en Twitter.<\/p>\n<p>Cabe recordar que la cuenta oficial del Gobierno del Estado de Michoac\u00e1n, se mantiene como @gobmichoacan<\/p>\n<p>&nbsp;<\/p>\n","protected":false},"excerpt":{"rendered":"<p>Este mi\u00e9rcoles el gobernador de Michoac\u00e1n Salvador Jara Guerrero, dio a conocer su cuenta oficial de Twitter @SJara_gobmich, la cual abri\u00f3 con el prop\u00f3sito de mantener informados a los michoacanos sobre sus actividades al frente del Ejecutivo Estatal.<\/p>\n","protected":false},"author":1,"featured_media":0,"comment_status":"open","ping_status":"open","sticky":false,"template":"","format":"standard","meta":{"footnotes":""},"categories":[3],"tags":[],"class_list":["post-8063","post","type-post","status-publish","format-standard","hentry","category-gobierno-del-estado-de-michoacan"],"_links":{"self":[{"href":"https:\/\/radiowebmx.com\/nota\/wp-json\/wp\/v2\/posts\/8063","targetHints":{"allow":["GET"]}}],"collection":[{"href":"https:\/\/radiowebmx.com\/nota\/wp-json\/wp\/v2\/posts"}],"about":[{"href":"https:\/\/radiowebmx.com\/nota\/wp-json\/wp\/v2\/types\/post"}],"author":[{"embeddable":true,"href":"https:\/\/radiowebmx.com\/nota\/wp-json\/wp\/v2\/users\/1"}],"replies":[{"embeddable":true,"href":"https:\/\/radiowebmx.com\/nota\/wp-json\/wp\/v2\/comments?post=8063"}],"version-history":[{"count":1,"href":"https:\/\/radiowebmx.com\/nota\/wp-json\/wp\/v2\/posts\/8063\/revisions"}],"predecessor-version":[{"id":8064,"href":"https:\/\/radiowebmx.com\/nota\/wp-json\/wp\/v2\/posts\/8063\/revisions\/8064"}],"wp:attachment":[{"href":"https:\/\/radiowebmx.com\/nota\/wp-json\/wp\/v2\/media?parent=8063"}],"wp:term":[{"taxonomy":"category","embeddable":true,"href":"https:\/\/radiowebmx.com\/nota\/wp-json\/wp\/v2\/categories?post=8063"},{"taxonomy":"post_tag","embeddable":true,"href":"https:\/\/radiowebmx.com\/nota\/wp-json\/wp\/v2\/tags?post=8063"}],"curies":[{"name":"wp","href":"https:\/\/api.w.org\/{rel}","templated":true}]}}