{"id":8060,"date":"2014-06-26T12:34:54","date_gmt":"2014-06-26T17:34:54","guid":{"rendered":"https:\/\/radiowebmx.com\/nota\/?p=8060"},"modified":"2014-06-26T12:34:54","modified_gmt":"2014-06-26T17:34:54","slug":"asiste-gobernador-salvador-jara-a-presentacion-del-programa-nacional-de-derechos-humanos-2014-2018","status":"publish","type":"post","link":"https:\/\/radiowebmx.com\/nota\/asiste-gobernador-salvador-jara-a-presentacion-del-programa-nacional-de-derechos-humanos-2014-2018\/","title":{"rendered":"ASISTE GOBERNADOR SALVADOR JARA A PRESENTACI\u00d3N DEL PROGRAMA NACIONAL DE DERECHOS HUMANOS 2014-2018"},"content":{"rendered":"<p><a href=\"https:\/\/radiowebmx.com\/nota\/wp-content\/uploads\/2014\/06\/IMG.jpg\"><img loading=\"lazy\" decoding=\"async\" class=\"alignleft size-full wp-image-8061\" alt=\"IMG\" src=\"https:\/\/radiowebmx.com\/nota\/wp-content\/uploads\/2014\/06\/IMG.jpg\" width=\"591\" height=\"393\" srcset=\"https:\/\/radiowebmx.com\/nota\/wp-content\/uploads\/2014\/06\/IMG.jpg 591w, https:\/\/radiowebmx.com\/nota\/wp-content\/uploads\/2014\/06\/IMG-300x199.jpg 300w\" sizes=\"auto, (max-width: 591px) 100vw, 591px\" \/><\/a>El gobernador de Michoac\u00e1n, Salvador Jara Guerrero, acudi\u00f3 a Palacio Nacional para ser testigo de la presentaci\u00f3n del Programa Nacional de Derechos Humanos 2014-2018, acto que fue presidido por el presidente de M\u00e9xico, Enrique Pe\u00f1a Nieto.<\/p>\n<p>En la sede del Poder Ejecutivo Federal y ante los gobernadores de las 31 entidades federativas y el Distrito Federal, Pe\u00f1a Nieto explic\u00f3 que para su gobierno los Derechos Humanos son eje central y por tal motivo, el prop\u00f3sito de este programa es combatir las a\u00fan existentes pr\u00e1cticas que lastiman la dignidad humana, como lo son la tortura, desapariciones forzadas, trata de personas.<\/p>\n<p>El Programa Nacional de Derechos Humanos 2014-2018, fue publicado en el Diario Oficial de la Federaci\u00f3n el pasado 30 de abril, y reconoce que &#8220;pesar de los esfuerzos realizados por\u00a0las instancias competentes en el tema, no se ha logrado revertir el n\u00famero de violaciones que persisten en\u00a0muchos \u00e1mbitos de los Derechos Humanos. Por ello, uno de los objetivos prioritarios del gobierno es lograr\u00a0una pol\u00edtica de Estado en la materia, que garantice que todas las autoridades asuman el respeto y garant\u00eda de\u00a0los derechos humanos como una pr\u00e1ctica cotidiana&#8221;.<\/p>\n<p>En lo que fue su primer evento como gobernador michoacano, Salvador Jara Guerrero estuvo presente en la ceremonia de presentaci\u00f3n del marco rector para la protecci\u00f3n efectiva de los derechos humanos en M\u00e9xico.<\/p>\n<p>Al t\u00e9rmino del acto, el gobernador de Michoac\u00e1n Salvador Jara, convers\u00f3 brevemente con el presidente Pe\u00f1a Nieto, quien lo felicit\u00f3 por la encomienda que reci\u00e9n le confiri\u00f3 el pueblo michoacano a trav\u00e9s del Congreso del Estado.<\/p>\n","protected":false},"excerpt":{"rendered":"<p>El gobernador de Michoac\u00e1n, Salvador Jara Guerrero, acudi\u00f3 a Palacio Nacional para ser testigo de la presentaci\u00f3n del Programa Nacional de Derechos Humanos 2014-2018, acto que fue presidido por el presidente de M\u00e9xico, Enrique Pe\u00f1a Nieto.<\/p>\n","protected":false},"author":1,"featured_media":8061,"comment_status":"open","ping_status":"open","sticky":false,"template":"","format":"standard","meta":{"footnotes":""},"categories":[14,3],"tags":[],"class_list":["post-8060","post","type-post","status-publish","format-standard","has-post-thumbnail","hentry","category-destacadas","category-gobierno-del-estado-de-michoacan"],"_links":{"self":[{"href":"https:\/\/radiowebmx.com\/nota\/wp-json\/wp\/v2\/posts\/8060","targetHints":{"allow":["GET"]}}],"collection":[{"href":"https:\/\/radiowebmx.com\/nota\/wp-json\/wp\/v2\/posts"}],"about":[{"href":"https:\/\/radiowebmx.com\/nota\/wp-json\/wp\/v2\/types\/post"}],"author":[{"embeddable":true,"href":"https:\/\/radiowebmx.com\/nota\/wp-json\/wp\/v2\/users\/1"}],"replies":[{"embeddable":true,"href":"https:\/\/radiowebmx.com\/nota\/wp-json\/wp\/v2\/comments?post=8060"}],"version-history":[{"count":1,"href":"https:\/\/radiowebmx.com\/nota\/wp-json\/wp\/v2\/posts\/8060\/revisions"}],"predecessor-version":[{"id":8062,"href":"https:\/\/radiowebmx.com\/nota\/wp-json\/wp\/v2\/posts\/8060\/revisions\/8062"}],"wp:featuredmedia":[{"embeddable":true,"href":"https:\/\/radiowebmx.com\/nota\/wp-json\/wp\/v2\/media\/8061"}],"wp:attachment":[{"href":"https:\/\/radiowebmx.com\/nota\/wp-json\/wp\/v2\/media?parent=8060"}],"wp:term":[{"taxonomy":"category","embeddable":true,"href":"https:\/\/radiowebmx.com\/nota\/wp-json\/wp\/v2\/categories?post=8060"},{"taxonomy":"post_tag","embeddable":true,"href":"https:\/\/radiowebmx.com\/nota\/wp-json\/wp\/v2\/tags?post=8060"}],"curies":[{"name":"wp","href":"https:\/\/api.w.org\/{rel}","templated":true}]}}