{"id":8021,"date":"2014-06-25T11:37:15","date_gmt":"2014-06-25T16:37:15","guid":{"rendered":"https:\/\/radiowebmx.com\/nota\/?p=8021"},"modified":"2014-06-25T11:37:15","modified_gmt":"2014-06-25T16:37:15","slug":"fiscal-especializado-para-la-atencion-de-delitos-electorales-alfredo-orellana-moyao-en-reunion-nacional-de-jueces-2014","status":"publish","type":"post","link":"https:\/\/radiowebmx.com\/nota\/fiscal-especializado-para-la-atencion-de-delitos-electorales-alfredo-orellana-moyao-en-reunion-nacional-de-jueces-2014\/","title":{"rendered":"Fiscal especializado para la atenci\u00f3n de delitos electorales, Alfredo Orellana Moyao, en Reuni\u00f3n Nacional de Jueces 2014"},"content":{"rendered":"<p><a href=\"https:\/\/radiowebmx.com\/nota\/wp-content\/uploads\/2014\/06\/DSC_2389.jpg\"><img loading=\"lazy\" decoding=\"async\" class=\"alignleft size-full wp-image-8022\" alt=\"DSC_2389\" src=\"https:\/\/radiowebmx.com\/nota\/wp-content\/uploads\/2014\/06\/DSC_2389.jpg\" width=\"591\" height=\"330\" srcset=\"https:\/\/radiowebmx.com\/nota\/wp-content\/uploads\/2014\/06\/DSC_2389.jpg 591w, https:\/\/radiowebmx.com\/nota\/wp-content\/uploads\/2014\/06\/DSC_2389-300x167.jpg 300w, https:\/\/radiowebmx.com\/nota\/wp-content\/uploads\/2014\/06\/DSC_2389-284x158.jpg 284w, https:\/\/radiowebmx.com\/nota\/wp-content\/uploads\/2014\/06\/DSC_2389-128x72.jpg 128w\" sizes=\"auto, (max-width: 591px) 100vw, 591px\" \/><\/a>Como parte de las actividades de la Reuni\u00f3n Nacional de Jueces, Michoac\u00e1n 2014, el fiscal especializado para la atenci\u00f3n de delitos electorales, Alfredo Orellana Moyao, presentar\u00e1 la conferencia magistral \u201cSimbolog\u00eda Judicial\u201d, el 27 de junio a las 10:00 horas en Multicentro, de Morelia.<\/p>\n<p>La Comisi\u00f3n Nacional de Tribunales Superiores de Justicia de los Estados Unidos Mexicanos, A.C. (CONATRIB), el Poder Judicial de Michoac\u00e1n y Asociaci\u00f3n de Jueces de Primera Instancia\u00a0 de Michoac\u00e1n A.C. se congratulan con tan distinguido ponente para las actividades de la Reuni\u00f3n Nacional de Jueces, Michoac\u00e1n 2014, en la que participar\u00e1n m\u00e1s de 200 titulares de \u00f3rganos jurisdiccionales de todo el pa\u00eds.<\/p>\n<p>Alfredo Orellana Moyao es Licenciado en Derecho por el Instituto Tecnol\u00f3gico Aut\u00f3nomo de M\u00e9xico, cuenta con Especialidad en Cultura de la Legalidad por la Facultad Latinoamericana de Ciencias Sociales (FLACSO) y actualmente desarrolla su tesis en el Doctorado en Derecho por la UNAM.<\/p>\n<p>Es profesor de la Cl\u00ednica de Pr\u00e1ctica Judicial en la Escuela Libre de Derecho, Docente Certificado en el nuevo sistema de justicia penal por la Secretaria T\u00e9cnica del Consejo de Coordinaci\u00f3n para la Implementaci\u00f3n del Sistema de Justicia Penal\u00a0 (SETEC-SEGOB), y miembro de la Barra Mexicana de Abogados, del Ilustre y Nacional Colegio de Abogados, as\u00ed como del Instituto Nacional de Administraci\u00f3n P\u00fablica (INAP). Asimismo, desde 2012, se desempe\u00f1a como titular de la Fiscal\u00eda Especializada para la Atenci\u00f3n de Delitos Electorales.<\/p>\n<p>La Reuni\u00f3n Nacional de Jueces, Michoac\u00e1n 2014, se realizar\u00e1 los d\u00edas 26 y 27 de junio y congregar\u00e1 a jueces de todos los estados de la Rep\u00fablica Mexicana para intercambiar experiencias en temas de actualidad del Derecho familiar, penal, civil y mercantil, con lo que se aportar\u00e1 a una mejor impartici\u00f3n de justicia.<\/p>\n","protected":false},"excerpt":{"rendered":"<p>Como parte de las actividades de la Reuni\u00f3n Nacional de Jueces, Michoac\u00e1n 2014, el fiscal especializado para la atenci\u00f3n de delitos electorales, Alfredo Orellana Moyao, presentar\u00e1 la conferencia magistral \u201cSimbolog\u00eda Judicial\u201d, el 27 de junio a las 10:00 horas en Multicentro, de Morelia.<\/p>\n","protected":false},"author":1,"featured_media":8022,"comment_status":"open","ping_status":"open","sticky":false,"template":"","format":"standard","meta":{"footnotes":""},"categories":[14,3],"tags":[],"class_list":["post-8021","post","type-post","status-publish","format-standard","has-post-thumbnail","hentry","category-destacadas","category-gobierno-del-estado-de-michoacan"],"_links":{"self":[{"href":"https:\/\/radiowebmx.com\/nota\/wp-json\/wp\/v2\/posts\/8021","targetHints":{"allow":["GET"]}}],"collection":[{"href":"https:\/\/radiowebmx.com\/nota\/wp-json\/wp\/v2\/posts"}],"about":[{"href":"https:\/\/radiowebmx.com\/nota\/wp-json\/wp\/v2\/types\/post"}],"author":[{"embeddable":true,"href":"https:\/\/radiowebmx.com\/nota\/wp-json\/wp\/v2\/users\/1"}],"replies":[{"embeddable":true,"href":"https:\/\/radiowebmx.com\/nota\/wp-json\/wp\/v2\/comments?post=8021"}],"version-history":[{"count":1,"href":"https:\/\/radiowebmx.com\/nota\/wp-json\/wp\/v2\/posts\/8021\/revisions"}],"predecessor-version":[{"id":8023,"href":"https:\/\/radiowebmx.com\/nota\/wp-json\/wp\/v2\/posts\/8021\/revisions\/8023"}],"wp:featuredmedia":[{"embeddable":true,"href":"https:\/\/radiowebmx.com\/nota\/wp-json\/wp\/v2\/media\/8022"}],"wp:attachment":[{"href":"https:\/\/radiowebmx.com\/nota\/wp-json\/wp\/v2\/media?parent=8021"}],"wp:term":[{"taxonomy":"category","embeddable":true,"href":"https:\/\/radiowebmx.com\/nota\/wp-json\/wp\/v2\/categories?post=8021"},{"taxonomy":"post_tag","embeddable":true,"href":"https:\/\/radiowebmx.com\/nota\/wp-json\/wp\/v2\/tags?post=8021"}],"curies":[{"name":"wp","href":"https:\/\/api.w.org\/{rel}","templated":true}]}}