{"id":8014,"date":"2014-06-25T11:23:18","date_gmt":"2014-06-25T16:23:18","guid":{"rendered":"https:\/\/radiowebmx.com\/nota\/?p=8014"},"modified":"2014-06-25T11:23:18","modified_gmt":"2014-06-25T16:23:18","slug":"reforma-del-campo-consolidara-a-mexico-como-potencia-mundial-hortofruticola-emm","status":"publish","type":"post","link":"https:\/\/radiowebmx.com\/nota\/reforma-del-campo-consolidara-a-mexico-como-potencia-mundial-hortofruticola-emm\/","title":{"rendered":"Reforma del Campo consolidar\u00e1 a M\u00e9xico como potencia mundial hortofrut\u00edcola: EMM"},"content":{"rendered":"<p><a href=\"https:\/\/radiowebmx.com\/nota\/wp-content\/uploads\/2014\/06\/IMG_2304.jpg\"><img loading=\"lazy\" decoding=\"async\" class=\"alignleft size-full wp-image-8015\" alt=\"IMG_2304\" src=\"https:\/\/radiowebmx.com\/nota\/wp-content\/uploads\/2014\/06\/IMG_2304.jpg\" width=\"591\" height=\"302\" srcset=\"https:\/\/radiowebmx.com\/nota\/wp-content\/uploads\/2014\/06\/IMG_2304.jpg 591w, https:\/\/radiowebmx.com\/nota\/wp-content\/uploads\/2014\/06\/IMG_2304-300x153.jpg 300w\" sizes=\"auto, (max-width: 591px) 100vw, 591px\" \/><\/a>\u201cLa actividad hortofrut\u00edcola es el destino de M\u00e9xico y con el direccionamiento de mejores pol\u00edticas p\u00fablicas somos y vamos hacer una potencia mundial, aprovecharemos la biodiversidad, agroclimas y recursos naturales con los que cuenta el pa\u00eds\u201d, asegur\u00f3 el secretario de Agricultura, Ganader\u00eda, Desarrollo Rural, Pesca y Alimentaci\u00f3n, Enrique Mart\u00ednez y Mart\u00ednez.<\/p>\n<p>Destac\u00f3 que en M\u00e9xico somos el primer lugar en producci\u00f3n y exportaci\u00f3n de aguacate, mango y berries, y el segundo en tomate y nuez, entre otros productos, con un valor de la producci\u00f3n cercano al 25 por ciento del total de los bienes agr\u00edcolas y una superficie que abarca el 3.2 por ciento del territorio cultivable.<\/p>\n<p>Afirm\u00f3 que la producci\u00f3n de hortalizas y frutas generan mayores empleos por hect\u00e1rea en cultivo, como es el caso del aguacate y las berries, con un valor comercial muy importante para Michoac\u00e1n y el pa\u00eds.<\/p>\n<p>En la inauguraci\u00f3n del Foro Regional de Consulta de Vocaci\u00f3n Territorial:\u00a0<i>Hortofrut\u00edcola<\/i>, el titular de la SAGARPA subray\u00f3 que \u201cel cuerno de la abundancia para M\u00e9xico est\u00e1 en las frutas y hortalizas\u201d.<\/p>\n<p>Ante productores, investigadores, dirigentes de organizaciones sociales y privadas, legisladores y funcionarios de los tres \u00f3rdenes de gobierno de 12 entidades federativas, el secretario Enrique Mart\u00ednez y Mart\u00ednez explic\u00f3 que se seguir\u00e1 produciendo ma\u00edz, arroz y soya, a efecto de disminuir importaciones \u201cpero que quede muy claro que ah\u00ed no se tienen las condiciones para ser una potencia mundial\u201d.<\/p>\n<p>Detall\u00f3 que se han realizado ya varios foros y \u201cvamos a la mitad del camino y no nos vamos a detener, sabedores de que la agenda legislativa trabaja con periodos extraordinarios, en la b\u00fasqueda de los consensos que requiere la Naci\u00f3n para detonar el desarrollo del pa\u00eds\u201d.<\/p>\n<p>Por ello, se\u00f1al\u00f3, no quisimos demorar la Reforma para la Transformaci\u00f3n del Campo, instruida por el Presidente Enrique Pe\u00f1a Nieto, y por eso estamos trabajando aqu\u00ed y en toda la geograf\u00eda nacional, con los foros de consulta para hacer una reforma incluyente y participativa, con la expresi\u00f3n abierta y plural de todos los actores del campo.<\/p>\n<p>\u201cNo tenemos m\u00e1s tiempo, esta es la oportunidad y tenemos que ser conscientes de los tiempos pol\u00edticos de la Naci\u00f3n y todo est\u00e1 trabajado para construir en el mes de agosto un Acuerdo Marco para la Transformaci\u00f3n del Campo, y sean las iniciativas y la base que se entregue al Poder Legislativo, a fin de desburocratizar al sector, hacerlo m\u00e1s \u00e1gil, justo y sustentable\u201d.<\/p>\n<p>Este es un acto especial, dijo, porque es el primer acto p\u00fablico del gobernador Salvador Jara Guerrero, quien es un acad\u00e9mico, con sensibilidad pol\u00edtica y preparaci\u00f3n para continuar con los trabajos del estado y, en especial, los del sector agroalimentario.<\/p>\n<p>Destac\u00f3 que \u201cel campo es muy generoso y el hecho de que inicie su gesti\u00f3n con los productores del sector agropecuario de Michoac\u00e1n y de M\u00e9xico, asegura un buen augurio de que tendr\u00e1 un buen periodo como gobernador y rendir\u00e1 buenas cuentas\u201d.<\/p>\n<p>Inform\u00f3 que como primer acci\u00f3n entre la Secretar\u00eda y el gobierno estatal, se sign\u00f3 un Acuerdo de Colaboraci\u00f3n para reactivar el Centro de Investigaciones y Desarrollo Agropecuario de Michoac\u00e1n (CIDAM), con la operaci\u00f3n de dos laboratorios: de Inocuidad At\u00f3mica (nuclear) para la parte agr\u00edcola y otro de Identidad del ADN, en materia pecuaria, con trabajos de mejoramiento gen\u00e9tico.<\/p>\n<p>En la activaci\u00f3n del Laboratorio de Identidad del ADN, dijo, se destinaron 16 millones de pesos por parte del Gobierno Federal y se trabaja con las \u00e1reas respectivas para definir apoyos y recursos que reactivaci\u00f3n de este importante centro de investigaci\u00f3n de la entidad.<\/p>\n<p>El gobernador Salvador Jara Guerrero reconoci\u00f3 las acciones y trabajos desarrollados por el Gobierno de la Rep\u00fablica, y se comprometi\u00f3 a seguir en coordinaci\u00f3n las tareas y mecanismos que lleven al desarrollo integral del estado, con orden, seguridad e impulso a las actividades productivas.<\/p>\n<p>Indic\u00f3 que la entidad tiene una vocaci\u00f3n agroalimentaria, por lo que el desarrollo de este Foro de Consulta contribuye a la expresi\u00f3n de productores y expertos y a la instrumentaci\u00f3n de una reforma para el campo nacional.<\/p>\n<p>\u201cEsta es una oportunidad hist\u00f3rica de buscar juntos una reforma estructural con gran visi\u00f3n de Estado, que termine con las pr\u00e1cticas asistencialistas y lleve a buen fin la Reforma del Campo por el bien de M\u00e9xico\u201d, coment\u00f3.<\/p>\n<p>Por su parte, el comisionado Nacional de Seguridad y Desarrollo Integral para Michoac\u00e1n, Alfredo Castillo Cervantes, destac\u00f3 que con el di\u00e1logo y la interlocuci\u00f3n se llegar\u00e1 a mejores resultados en las acciones para fortalecer las instituciones, la seguridad y el desarrollo integral en el estado, lineamientos que cuentan con el apoyo y la atenci\u00f3n del Presidente Enrique Pe\u00f1a Nieto y el secretario de Gobernaci\u00f3n, Miguel \u00c1ngel Osorio Chong.<\/p>\n<p>El subsecretario de Alimentaci\u00f3n y Competitividad de la SAGARPA, Ricardo Aguilar Castillo, expres\u00f3 que la instrumentaci\u00f3n de mejores reglas de operaci\u00f3n y una nueva estructura program\u00e1tica, requieren de la opini\u00f3n de los productores y expertos, que ayuden a la aplicaci\u00f3n de pol\u00edticas p\u00fablicas que impulsen la\u00a0 productividad y competitividad en el sector agroalimentario.<\/p>\n<p>En el evento participaron la vicepresidente del Congreso del Estado, Laura Gonz\u00e1lez Mart\u00ednez; el presidente municipal de Morelia, Wilfrido L\u00e1zaro Medina, y los senadores Jos\u00e9 Ascensi\u00f3n Orihuela B\u00e1rcenas y Roc\u00edo Pineda Gochi, as\u00ed como el diputado Jos\u00e9 Antonio Rojo Garc\u00eda de Alba. y presidente de la Central Campesina Independiente (CCI), Francisco Rojas P\u00e9rez.<\/p>\n<p>Adem\u00e1s, el secretario de Desarrollo Rural del estado, Ram\u00f3n Cano Vega, y los presidentes de la Asociaci\u00f3n Mexicana de Secretario de Desarrollo Agropecuario (AMSDA), H\u00e9ctor Padilla Guti\u00e9rrez, y del Consejo Nacional Agropecuario (CNA), Benjam\u00edn Grayeb Ru\u00edz.<\/p>\n<p>Por la SAGARPA estuvieron tambi\u00e9n los coordinadores generales de Asesores y Planeaci\u00f3n Estrat\u00e9gica, Ren\u00e9 Villarreal Arrambide; de Delegaciones, V\u00edctor Hugo\u00a0 Celaya Celaya, y de Enlace Sectorial, H\u00e9ctor Ren\u00e9 Garc\u00eda Qui\u00f1ones, as\u00ed como el delegado de la dependencia en la entidad, Pedro Luis Ben\u00edtez V\u00e9lez.<\/p>\n","protected":false},"excerpt":{"rendered":"<p>\u201cLa actividad hortofrut\u00edcola es el destino de M\u00e9xico y con el direccionamiento de mejores pol\u00edticas p\u00fablicas somos y vamos hacer una potencia mundial, aprovecharemos la biodiversidad, agroclimas y recursos naturales con los que cuenta el pa\u00eds\u201d<\/p>\n","protected":false},"author":1,"featured_media":8015,"comment_status":"open","ping_status":"open","sticky":false,"template":"","format":"standard","meta":{"footnotes":""},"categories":[14],"tags":[],"class_list":["post-8014","post","type-post","status-publish","format-standard","has-post-thumbnail","hentry","category-destacadas"],"_links":{"self":[{"href":"https:\/\/radiowebmx.com\/nota\/wp-json\/wp\/v2\/posts\/8014","targetHints":{"allow":["GET"]}}],"collection":[{"href":"https:\/\/radiowebmx.com\/nota\/wp-json\/wp\/v2\/posts"}],"about":[{"href":"https:\/\/radiowebmx.com\/nota\/wp-json\/wp\/v2\/types\/post"}],"author":[{"embeddable":true,"href":"https:\/\/radiowebmx.com\/nota\/wp-json\/wp\/v2\/users\/1"}],"replies":[{"embeddable":true,"href":"https:\/\/radiowebmx.com\/nota\/wp-json\/wp\/v2\/comments?post=8014"}],"version-history":[{"count":2,"href":"https:\/\/radiowebmx.com\/nota\/wp-json\/wp\/v2\/posts\/8014\/revisions"}],"predecessor-version":[{"id":8017,"href":"https:\/\/radiowebmx.com\/nota\/wp-json\/wp\/v2\/posts\/8014\/revisions\/8017"}],"wp:featuredmedia":[{"embeddable":true,"href":"https:\/\/radiowebmx.com\/nota\/wp-json\/wp\/v2\/media\/8015"}],"wp:attachment":[{"href":"https:\/\/radiowebmx.com\/nota\/wp-json\/wp\/v2\/media?parent=8014"}],"wp:term":[{"taxonomy":"category","embeddable":true,"href":"https:\/\/radiowebmx.com\/nota\/wp-json\/wp\/v2\/categories?post=8014"},{"taxonomy":"post_tag","embeddable":true,"href":"https:\/\/radiowebmx.com\/nota\/wp-json\/wp\/v2\/tags?post=8014"}],"curies":[{"name":"wp","href":"https:\/\/api.w.org\/{rel}","templated":true}]}}