{"id":8011,"date":"2014-06-25T11:16:48","date_gmt":"2014-06-25T16:16:48","guid":{"rendered":"https:\/\/radiowebmx.com\/nota\/?p=8011"},"modified":"2014-06-25T11:16:48","modified_gmt":"2014-06-25T16:16:48","slug":"funcionarios-de-la-sre-y-suma-supervisan-avances-de-programa-de-rehabilitacion-de-viviendas","status":"publish","type":"post","link":"https:\/\/radiowebmx.com\/nota\/funcionarios-de-la-sre-y-suma-supervisan-avances-de-programa-de-rehabilitacion-de-viviendas\/","title":{"rendered":"FUNCIONARIOS DE LA SRE Y SUMA SUPERVISAN AVANCES DE PROGRAMA DE REHABILITACI\u00d3N DE VIVIENDAS"},"content":{"rendered":"<p><a href=\"https:\/\/radiowebmx.com\/nota\/wp-content\/uploads\/2014\/06\/la-foto-12.jpg\"><img loading=\"lazy\" decoding=\"async\" class=\"alignleft size-full wp-image-8012\" alt=\"la foto 1\" src=\"https:\/\/radiowebmx.com\/nota\/wp-content\/uploads\/2014\/06\/la-foto-12.jpg\" width=\"591\" height=\"283\" srcset=\"https:\/\/radiowebmx.com\/nota\/wp-content\/uploads\/2014\/06\/la-foto-12.jpg 591w, https:\/\/radiowebmx.com\/nota\/wp-content\/uploads\/2014\/06\/la-foto-12-300x143.jpg 300w\" sizes=\"auto, (max-width: 591px) 100vw, 591px\" \/><\/a>Funcionarios de la Secretar\u00eda de Relaciones Exteriores (SER), tomaron protesta al Comit\u00e9 de Contralor\u00eda Social del Programa de Rehabilitaci\u00f3n de Viviendas, que se desarrolla en esta localidad con un presupuesto de 3 millones de pesos.<\/p>\n<p>Tal responsabilidad estuvo a cargo del director general adjunto de la Coordinaci\u00f3n Pol\u00edtica de la SRE, Antonio Rojas Navarrete, quien estuvo acompa\u00f1ado de la directora general adjunta para Europa, Asia-Pac\u00edfico y Am\u00e9rica del Norte, de la Agencia Mexicana de Cooperaci\u00f3n Internacional para el Desarrollo, Cristina Ru\u00edz Ru\u00edz; \u00a0de la delegada federal en Michoac\u00e1n de Relaciones Exteriores, Roc\u00edo Santos de la Cruz y del secretario de Urbanismo y Medio Ambiente en la entidad, Mauro Ram\u00f3n Ballesteros Figueroa.<\/p>\n<p>Reunidos en el refectorio del Ex Convento de Tzintzuntzan, el titular de SUMA como representante del gobernador del Estado, Salvador Jara Guerrero, destac\u00f3 las bondades del Programa de Rehabilitaci\u00f3n de Viviendas que en esta ocasi\u00f3n involucra a 37 familias que son objeto de apoyo econ\u00f3mico.<\/p>\n<p>Resalt\u00f3 que tal ayuda se da para que los beneficiarios realicen actividades productivas que adem\u00e1s les permitan lograr un cambio y mejoren el lugar donde viven.<\/p>\n<p>Hizo notar adem\u00e1s la colaboraci\u00f3n en el programa de los gobiernos federal y estatal, a trav\u00e9s de la Secretar\u00eda de Relaciones Exteriores, de la Agencia Mexicana de Cooperaci\u00f3n Internacional para el Desarrollo; de su hom\u00f3loga espa\u00f1ola; de la Congregaci\u00f3n Mariana Trinitaria; de la SUMA y de la Presidencia Municipal, entre otras instituciones.<\/p>\n<p>Antes de tomar protesta a los integrantes del Comit\u00e9 de Contralor\u00eda Social, Antonio Rojas, representante de Emilio Su\u00e1rez Licona, director general de Coordinaci\u00f3n Pol\u00edtica y Enlace de Alto Nivel de la SRE, brind\u00f3 un agradecimiento al Gobierno del Estado de Michoac\u00e1n, al se\u00f1alar que a trav\u00e9s de la Secretar\u00eda de Urbanismo y Medio Ambiente, se ha podido dar un adecuado seguimiento al Programa de Rehabilitaci\u00f3n de Viviendas.<\/p>\n<p>M\u00e1s tarde, en el lugar donde se fabrican los bloques de adobe con los que se restauran las viviendas que forman parte del programa, Cristina Ru\u00edz Ru\u00edz, manifest\u00f3 el buen avance del programa y la importancia de trabajar en equipo, con lo cual \u2013a\u00f1adi\u00f3- se podr\u00e1n lograr los resultados esperados.<\/p>\n<p>Estuvieron presentes el subsecretario de la SUMA, Andr\u00e9 Aguilar Aguilar; el director de \u00c1reas Conurbadas y Programas Metropolitanos de esta dependencia, Carlos Peregrina S\u00e1nchez y el presidente municipal de Tzintzuntzan, Gerardo Villag\u00f3mez Calder\u00f3n, entre otros.<\/p>\n","protected":false},"excerpt":{"rendered":"<p>Funcionarios de la Secretar\u00eda de Relaciones Exteriores (SER), tomaron protesta al Comit\u00e9 de Contralor\u00eda Social del Programa de Rehabilitaci\u00f3n de Viviendas, que se desarrolla en esta localidad con un presupuesto de 3 millones de pesos.<\/p>\n","protected":false},"author":1,"featured_media":8012,"comment_status":"open","ping_status":"open","sticky":false,"template":"","format":"standard","meta":{"footnotes":""},"categories":[14,3],"tags":[],"class_list":["post-8011","post","type-post","status-publish","format-standard","has-post-thumbnail","hentry","category-destacadas","category-gobierno-del-estado-de-michoacan"],"_links":{"self":[{"href":"https:\/\/radiowebmx.com\/nota\/wp-json\/wp\/v2\/posts\/8011","targetHints":{"allow":["GET"]}}],"collection":[{"href":"https:\/\/radiowebmx.com\/nota\/wp-json\/wp\/v2\/posts"}],"about":[{"href":"https:\/\/radiowebmx.com\/nota\/wp-json\/wp\/v2\/types\/post"}],"author":[{"embeddable":true,"href":"https:\/\/radiowebmx.com\/nota\/wp-json\/wp\/v2\/users\/1"}],"replies":[{"embeddable":true,"href":"https:\/\/radiowebmx.com\/nota\/wp-json\/wp\/v2\/comments?post=8011"}],"version-history":[{"count":1,"href":"https:\/\/radiowebmx.com\/nota\/wp-json\/wp\/v2\/posts\/8011\/revisions"}],"predecessor-version":[{"id":8013,"href":"https:\/\/radiowebmx.com\/nota\/wp-json\/wp\/v2\/posts\/8011\/revisions\/8013"}],"wp:featuredmedia":[{"embeddable":true,"href":"https:\/\/radiowebmx.com\/nota\/wp-json\/wp\/v2\/media\/8012"}],"wp:attachment":[{"href":"https:\/\/radiowebmx.com\/nota\/wp-json\/wp\/v2\/media?parent=8011"}],"wp:term":[{"taxonomy":"category","embeddable":true,"href":"https:\/\/radiowebmx.com\/nota\/wp-json\/wp\/v2\/categories?post=8011"},{"taxonomy":"post_tag","embeddable":true,"href":"https:\/\/radiowebmx.com\/nota\/wp-json\/wp\/v2\/tags?post=8011"}],"curies":[{"name":"wp","href":"https:\/\/api.w.org\/{rel}","templated":true}]}}